{"id":143,"date":"2014-07-24T20:52:13","date_gmt":"2014-07-24T20:52:13","guid":{"rendered":"http:\/\/anprotec.org.br\/cerne\/?p=143"},"modified":"2014-07-24T20:52:13","modified_gmt":"2014-07-24T20:52:13","slug":"rmi-promove-curso-do-cerne-em-agosto","status":"publish","type":"post","link":"https:\/\/anprotec.org.br\/cerne\/rmi-promove-curso-do-cerne-em-agosto\/","title":{"rendered":"RMI promove curso do Cerne em agosto"},"content":{"rendered":"<p><a href=\"https:\/\/anprotec.org.br\/cerne-antigo\/wp-content\/uploads\/2014\/04\/shutterstock_192595709-270x139.jpg\"><img loading=\"lazy\" decoding=\"async\" class=\"size-thumbnail wp-image-121 alignleft\" src=\"https:\/\/anprotec.org.br\/cerne-antigo\/wp-content\/uploads\/2014\/04\/shutterstock_192595709-270x139-150x139.jpg\" alt=\"shutterstock_192595709 (270x139)\" width=\"150\" height=\"139\" \/><\/a>Nos dias 07 e 08 de agosto, a Rede Mineira de Inova\u00e7\u00e3o (RMI) ir\u00e1 promover uma rodada de capacita\u00e7\u00e3o do Cerne, em parceria com a Anprotec e com apoio do Servi\u00e7o de Apoio \u00e0s Micro e Pequenas Empresas de Minas Gerais (Sebrae\/MG) e do Servi\u00e7o Nacional de Aprendizagem Comercial de Minas Gerais (Senac\/MG).<\/p>\n<p>O treinamento \u00e9 voltado para multiplicadores (gestores e colaboradores das incubadoras) e ser\u00e1 realizado no N\u00facleo de P\u00f3s-Gradua\u00e7\u00e3o do Senac Minas, em Belo Horizonte. As inscri\u00e7\u00f5es podem ser feitas at\u00e9 o dia 5 de agosto.<\/p>\n<p>Para mais informa\u00e7\u00f5es, acesse este\u00a0<a href=\"http:\/\/www.rmi.org.br\/rmi\/noticias\/595\/rmi-promove-curso-de-capacitacao-cerne-i-em-belo-horizonte\">link.<\/a><\/p>\n<p>* Com informa\u00e7\u00f5es da RMI<\/p>\n<p>* Foto: Shutterstock<\/p>\n","protected":false},"excerpt":{"rendered":"<p>Em parceria com a Anprotec, Rede Mineira de Inova\u00e7\u00e3o promove treinamento voltado para gestores e colaboradores das incubadoras, em Belo Horizonte, nos dias 07 e 08 de agosto. <\/p>\n","protected":false},"author":2,"featured_media":0,"comment_status":"open","ping_status":"open","sticky":false,"template":"","format":"standard","meta":{"footnotes":""},"categories":[6],"tags":[],"class_list":["post-143","post","type-post","status-publish","format-standard","hentry","category-sem-categoria"],"_links":{"self":[{"href":"https:\/\/anprotec.org.br\/cerne\/wp-json\/wp\/v2\/posts\/143","targetHints":{"allow":["GET"]}}],"collection":[{"href":"https:\/\/anprotec.org.br\/cerne\/wp-json\/wp\/v2\/posts"}],"about":[{"href":"https:\/\/anprotec.org.br\/cerne\/wp-json\/wp\/v2\/types\/post"}],"author":[{"embeddable":true,"href":"https:\/\/anprotec.org.br\/cerne\/wp-json\/wp\/v2\/users\/2"}],"replies":[{"embeddable":true,"href":"https:\/\/anprotec.org.br\/cerne\/wp-json\/wp\/v2\/comments?post=143"}],"version-history":[{"count":0,"href":"https:\/\/anprotec.org.br\/cerne\/wp-json\/wp\/v2\/posts\/143\/revisions"}],"wp:attachment":[{"href":"https:\/\/anprotec.org.br\/cerne\/wp-json\/wp\/v2\/media?parent=143"}],"wp:term":[{"taxonomy":"category","embeddable":true,"href":"https:\/\/anprotec.org.br\/cerne\/wp-json\/wp\/v2\/categories?post=143"},{"taxonomy":"post_tag","embeddable":true,"href":"https:\/\/anprotec.org.br\/cerne\/wp-json\/wp\/v2\/tags?post=143"}],"curies":[{"name":"wp","href":"https:\/\/api.w.org\/{rel}","templated":true}]}}