{"id":1171,"date":"2019-12-04T18:38:26","date_gmt":"2019-12-04T18:38:26","guid":{"rendered":"http:\/\/anprotec.org.br\/cerne\/?p=1040"},"modified":"2019-12-04T18:38:26","modified_gmt":"2019-12-04T18:38:26","slug":"incubadoras-recebem-certificado-pela-implantacao-do-modelo-cerne-durante-cafe-da-manha-anprotec-parceiros","status":"publish","type":"post","link":"https:\/\/anprotec.org.br\/cerne\/incubadoras-recebem-certificado-pela-implantacao-do-modelo-cerne-durante-cafe-da-manha-anprotec-parceiros\/","title":{"rendered":"Incubadoras recebem certificado pela implanta\u00e7\u00e3o do modelo Cerne durante Caf\u00e9 da Manh\u00e3 Anprotec &#038; Parceiros"},"content":{"rendered":"<p>Nessa quarta-feira, 04 de dezembro, aconteceu em Bras\u00edlia \u2013 DF o j\u00e1 tradicional Caf\u00e9 da Manh\u00e3 Anprotec &amp; Parceiros.<\/p>\n<p>O evento teve como objetivo apresentar um balan\u00e7o das atividades realizadas ao longo do ano e receber diferentes institui\u00e7\u00f5es do ecossistema do empreendedorismo inovador para networking e confraterniza\u00e7\u00e3o.<\/p>\n<p>Na ocasi\u00e3o tamb\u00e9m aconteceu a certifica\u00e7\u00e3o das incubadoras que implantaram o modelo Cerne em seu ambiente\u00a0de agosto a dezembro. Confira a listagem abaixo em ordem alfab\u00e9tica.<\/p>\n<p>&nbsp;<\/p>\n<p><strong>Cerne 02<\/strong><\/p>\n<p>Centro de Empreendedorismo e Inform\u00e1tica \u2013 UFRGS. Porto Alegre \u2013 RS<\/p>\n<p>Centro Empresarial para Labora\u00e7\u00e3o de Tecnologias Avan\u00e7adas (Celta), de Florian\u00f3polis \u2013 SC<\/p>\n<p>Incubadora de Empresa e Centro de Desenvolvimento Tecnol\u00f3gico e Inova\u00e7\u00e3o da Universidade Estadual do Cear\u00e1 \u2013 UECE. Fortaleza \u2013 CE<\/p>\n<p>Incubadora Multisetorial de Base Tecnol\u00f3gica da PUC \u2013 RS (Raiar), de Porto Alegre \u2013 RS<\/p>\n<p>Incubadora Santos Dumont. Foz do Igua\u00e7u \u2013 PR<\/p>\n<p>Instituto Empresarial de Incuba\u00e7\u00e3o e Inova\u00e7\u00e3o Tecnol\u00f3gica, de Canoas \u2013 RS<\/p>\n<p>Instituto G\u00eanesis. PUC Rio. Rio de Janeiro\u00a0\u2013 RJ<\/p>\n<p>Unidade de Inova\u00e7\u00e3o e Tecnologia da Unisinos (Unitec), de S\u00e3o Leopoldo \u2013 RS<\/p>\n<p>&nbsp;<\/p>\n<p><strong>Cerne 01<\/strong><\/p>\n<p>Aceleradora do Sistema FIEP, de Curitiba \u2013 PR<\/p>\n<p>Findex Incubadora de Empreendimentos Inovadores e Tecnol\u00f3gicos<\/p>\n<p>Incubadora da UTFPR Campus Medianeira, Curitiba \u2013 PR<\/p>\n<p>Incubadora de Agroneg\u00f3cios das Cooperativas, Organiza\u00e7\u00f5es Comunit\u00e1rias, Associa\u00e7\u00f5es e Assentamentos Rurais do Semi\u00e1rido da Para\u00edba \u2013 IACOC<\/p>\n<p>Incubadora de Base Tecnol\u00f3gica do Laborat\u00f3rio Nacional de Computa\u00e7\u00e3o Cient\u00edfica (LNCC), de Petr\u00f3polis \u2013 RJ<\/p>\n<p>Incubadora de Empresa e Centro de Desenvolvimento Tecnol\u00f3gico e Inova\u00e7\u00e3o da Universidade Estadual do Cear\u00e1 \u2013 UECE. Fortaleza \u2013 CE<\/p>\n<p>Incubadora de Inova\u00e7\u00e3o UTFPR, Campus de Curitiba \u2013 PR<\/p>\n<p>Incubadora de\u00a0Empresas de Base de Tecnol\u00f3gica do Centev \u2013 MG<\/p>\n<p>Incubadora Tecnol\u00f3gica do Instituto de Tecnologia do Paran\u00e1 \u2013 INTEC<\/p>\n<p>INTERP Incubadora de Empresas de Campo Grande \u2013 MS<\/p>\n<p>&nbsp;<\/p>\n<p>As incubadoras tamb\u00e9m certificadas de agosto a dezembro e que n\u00e3o puderam comparecer ao Caf\u00e9 da Manh\u00e3, receber\u00e3o o certificado por Correios.<\/p>\n<p><strong>Cerne 01<\/strong><\/p>\n<p>Centro de Incuba\u00e7\u00e3o Tecnol\u00f3gica do Semi\u00e1rido \u2013 CITECS, de Mossor\u00f3 \u2013 RN<\/p>\n<p>Incubadora Municipal Bernardino Zelindo Barbieri, de Palotina \u2013 PR<\/p>\n<p>Incubadora GTEC UNIDAVI, de Rio do Sul \u2013 SC<\/p>\n<p>Instituto de Apoio a Inova\u00e7\u00e3o, Ci\u00eancia e Tecnologia \u2013 INAITEC, Palho\u00e7a \u2013 SC<\/p>\n<p>Incubadora Ulbratech de Manaus \u2013 AM<\/p>\n<p>Incubadora Tecnol\u00f3gica de Maring\u00e1 \u2013 PR<\/p>\n<p>&nbsp;<\/p>\n<p>\u201cQuando criamos o Cerne, t\u00ednhamos um sonho de qualificar as incubadoras brasileiras. Hoje, vemos que a realidade \u00e9 maior do que o sonho, ao percebermos que o Cerne tem se consolidado como um modelo de refer\u00eancia em gest\u00e3o de incubadoras e contribu\u00eddo decisivamente com dezenas de empreendimentos de sucesso em todo o pa\u00eds\u201d, explicou Sheila Pires, superintendente executiva da Anprotec.<\/p>\n<p>O processo de implanta\u00e7\u00e3o do Cerne vem sendo desenvolvido pela Anprotec e pelo Sebrae desde 2008, ano em que foi realizado o primeiro workshop sobre o modelo de gest\u00e3o, que apresenta boas pr\u00e1ticas a serem adotadas em diversos processos-chave em uma incubadora.<\/p>\n<p>A equipe Cerne parabeniza as certificadas!<\/p>\n<p><img loading=\"lazy\" decoding=\"async\" class=\"aligncenter wp-image-1041 size-medium\" src=\"https:\/\/anprotec.org.br\/cerne-antigo\/wp-content\/uploads\/2020\/01\/WhatsApp-Image-2019-12-04-at-11.41.23-6-1-1024x682-485x323.jpeg\" alt=\"\" width=\"485\" height=\"323\" \/><\/p>\n<p><img loading=\"lazy\" decoding=\"async\" class=\"aligncenter size-medium wp-image-1042\" src=\"https:\/\/anprotec.org.br\/cerne-antigo\/wp-content\/uploads\/2020\/01\/WhatsApp-Image-2019-12-06-at-15.02.37-1-1024x682-485x323.jpeg\" alt=\"\" width=\"485\" height=\"323\" \/><\/p>\n<p><img loading=\"lazy\" decoding=\"async\" class=\"aligncenter size-medium wp-image-1043\" src=\"https:\/\/anprotec.org.br\/cerne-antigo\/wp-content\/uploads\/2020\/01\/WhatsApp-Image-2019-12-06-at-15.02.37-1024x682-485x323.jpeg\" alt=\"\" width=\"485\" height=\"323\" \/><\/p>\n","protected":false},"excerpt":{"rendered":"<p>Nessa quarta-feira, 04 de dezembro, aconteceu em Bras\u00edlia \u2013 DF o j\u00e1 tradicional Caf\u00e9 da Manh\u00e3 Anprotec &amp; Parceiros. O evento teve como objetivo apresentar um balan\u00e7o das atividades realizadas ao longo do ano e receber diferentes institui\u00e7\u00f5es do ecossistema do empreendedorismo inovador para networking e confraterniza\u00e7\u00e3o. Na ocasi\u00e3o tamb\u00e9m aconteceu a certifica\u00e7\u00e3o das incubadoras &hellip;<\/p>\n<p class=\"read-more\"> <a class=\"\" href=\"https:\/\/anprotec.org.br\/cerne\/incubadoras-recebem-certificado-pela-implantacao-do-modelo-cerne-durante-cafe-da-manha-anprotec-parceiros\/\"> <span class=\"screen-reader-text\">Incubadoras recebem certificado pela implanta\u00e7\u00e3o do modelo Cerne durante Caf\u00e9 da Manh\u00e3 Anprotec &#038; Parceiros<\/span> Leia mais &raquo;<\/a><\/p>\n","protected":false},"author":3,"featured_media":0,"comment_status":"closed","ping_status":"open","sticky":false,"template":"","format":"standard","meta":{"footnotes":""},"categories":[6],"tags":[],"class_list":["post-1171","post","type-post","status-publish","format-standard","hentry","category-sem-categoria"],"_links":{"self":[{"href":"https:\/\/anprotec.org.br\/cerne\/wp-json\/wp\/v2\/posts\/1171","targetHints":{"allow":["GET"]}}],"collection":[{"href":"https:\/\/anprotec.org.br\/cerne\/wp-json\/wp\/v2\/posts"}],"about":[{"href":"https:\/\/anprotec.org.br\/cerne\/wp-json\/wp\/v2\/types\/post"}],"author":[{"embeddable":true,"href":"https:\/\/anprotec.org.br\/cerne\/wp-json\/wp\/v2\/users\/3"}],"replies":[{"embeddable":true,"href":"https:\/\/anprotec.org.br\/cerne\/wp-json\/wp\/v2\/comments?post=1171"}],"version-history":[{"count":0,"href":"https:\/\/anprotec.org.br\/cerne\/wp-json\/wp\/v2\/posts\/1171\/revisions"}],"wp:attachment":[{"href":"https:\/\/anprotec.org.br\/cerne\/wp-json\/wp\/v2\/media?parent=1171"}],"wp:term":[{"taxonomy":"category","embeddable":true,"href":"https:\/\/anprotec.org.br\/cerne\/wp-json\/wp\/v2\/categories?post=1171"},{"taxonomy":"post_tag","embeddable":true,"href":"https:\/\/anprotec.org.br\/cerne\/wp-json\/wp\/v2\/tags?post=1171"}],"curies":[{"name":"wp","href":"https:\/\/api.w.org\/{rel}","templated":true}]}}