{"id":1170,"date":"2019-10-02T18:42:10","date_gmt":"2019-10-02T18:42:10","guid":{"rendered":"http:\/\/anprotec.org.br\/cerne\/?p=1027"},"modified":"2019-10-02T18:42:10","modified_gmt":"2019-10-02T18:42:10","slug":"novas-incubadoras-serao-certificadas-pelo-cerne-durante-o-cafe-da-manha-anprotec-em-dezembro","status":"publish","type":"post","link":"https:\/\/anprotec.org.br\/cerne\/novas-incubadoras-serao-certificadas-pelo-cerne-durante-o-cafe-da-manha-anprotec-em-dezembro\/","title":{"rendered":"Novas incubadoras ser\u00e3o certificadas pelo Cerne durante o Caf\u00e9 da Manh\u00e3 Anprotec em dezembro"},"content":{"rendered":"<p>No dia 4 dezembro, em Bras\u00edlia \u2013 DF, acontece mais uma edi\u00e7\u00e3o do j\u00e1 tradicional Caf\u00e9 da Manh\u00e3 Anprotec &amp; Parceiros.<\/p>\n<p>O evento tem como objetivo apresentar um balan\u00e7o das atividades realizadas ao longo do ano e oficializar a posse da nova diretoria da Associa\u00e7\u00e3o, eleita em agosto em Assembleia realizada durante o Innovation Summit Brasil.<\/p>\n<p>Na ocasi\u00e3o, ambientes de inova\u00e7\u00e3o tamb\u00e9m receber\u00e3o os certificados pela implanta\u00e7\u00e3o do modelo Cerne em sua incubadora ou aceleradora, sendo quatro delas no n\u00edvel \u201cCerne 2\u201d, e seis no \u201cCerne 1\u201d.<\/p>\n<p>A equipe Cerne parabeniza as certificadas e conta com a presen\u00e7a de todas no Caf\u00e9 da Manh\u00e3 para a cerim\u00f4nia de certifica\u00e7\u00e3o.<\/p>\n<p><strong>Conhe\u00e7a as incubadoras<\/strong><\/p>\n<p><strong>Cerne 2<\/strong><\/p>\n<p>Incubadora Multisetorial de Base Tecnol\u00f3gica da PUC \u2013 RS (Raiar), de Porto Alegre \u2013 RS<br \/>\nUnidade de Inova\u00e7\u00e3o e Tecnologia da Unisinos (Unitec), de S\u00e3o Leopoldo \u2013 RS<br \/>\nCentro Empresarial para Labora\u00e7\u00e3o de Tecnologias Avan\u00e7adas (Celta), de Florian\u00f3polis \u2013 SC<\/p>\n<p>Instituto Empresarial de Incuba\u00e7\u00e3o e Inova\u00e7\u00e3o Tecnol\u00f3gica, de Canoas \u2013 RS<\/p>\n<p>&nbsp;<\/p>\n<p><strong>Cerne 1<\/strong><\/p>\n<p>Incubadora de Base Tecnol\u00f3gica do Laborat\u00f3rio Nacional de Computa\u00e7\u00e3o Cient\u00edfica (LNCC), de Petr\u00f3polis \u2013 RJ<br \/>\nCentro de Incuba\u00e7\u00e3o Tecnol\u00f3gica do Semi\u00e1rido \u2013 CITECS, de Mossor\u00f3 \u2013 RN<br \/>\nIncubadora do Sistema FIEP, de Curitiba \u2013 PR<br \/>\nIncubadora Municipal Bernardino Zelindo Barbieri, de Palotina \u2013 PR<br \/>\nIncubadora de Inova\u00e7\u00e3o UTFPR, de Curitiba \u2013 PR<br \/>\nIncubadora GTEC UNIDAVI, de Rio do Sul \u2013 SC<\/p>\n","protected":false},"excerpt":{"rendered":"<p>No dia 4 dezembro, em Bras\u00edlia \u2013 DF, acontece mais uma edi\u00e7\u00e3o do j\u00e1 tradicional Caf\u00e9 da Manh\u00e3 Anprotec &amp; Parceiros. O evento tem como objetivo apresentar um balan\u00e7o das atividades realizadas ao longo do ano e oficializar a posse da nova diretoria da Associa\u00e7\u00e3o, eleita em agosto em Assembleia realizada durante o Innovation Summit &hellip;<\/p>\n<p class=\"read-more\"> <a class=\"\" href=\"https:\/\/anprotec.org.br\/cerne\/novas-incubadoras-serao-certificadas-pelo-cerne-durante-o-cafe-da-manha-anprotec-em-dezembro\/\"> <span class=\"screen-reader-text\">Novas incubadoras ser\u00e3o certificadas pelo Cerne durante o Caf\u00e9 da Manh\u00e3 Anprotec em dezembro<\/span> Leia mais &raquo;<\/a><\/p>\n","protected":false},"author":3,"featured_media":0,"comment_status":"closed","ping_status":"open","sticky":false,"template":"","format":"standard","meta":{"footnotes":""},"categories":[6],"tags":[],"class_list":["post-1170","post","type-post","status-publish","format-standard","hentry","category-sem-categoria"],"_links":{"self":[{"href":"https:\/\/anprotec.org.br\/cerne\/wp-json\/wp\/v2\/posts\/1170","targetHints":{"allow":["GET"]}}],"collection":[{"href":"https:\/\/anprotec.org.br\/cerne\/wp-json\/wp\/v2\/posts"}],"about":[{"href":"https:\/\/anprotec.org.br\/cerne\/wp-json\/wp\/v2\/types\/post"}],"author":[{"embeddable":true,"href":"https:\/\/anprotec.org.br\/cerne\/wp-json\/wp\/v2\/users\/3"}],"replies":[{"embeddable":true,"href":"https:\/\/anprotec.org.br\/cerne\/wp-json\/wp\/v2\/comments?post=1170"}],"version-history":[{"count":0,"href":"https:\/\/anprotec.org.br\/cerne\/wp-json\/wp\/v2\/posts\/1170\/revisions"}],"wp:attachment":[{"href":"https:\/\/anprotec.org.br\/cerne\/wp-json\/wp\/v2\/media?parent=1170"}],"wp:term":[{"taxonomy":"category","embeddable":true,"href":"https:\/\/anprotec.org.br\/cerne\/wp-json\/wp\/v2\/categories?post=1170"},{"taxonomy":"post_tag","embeddable":true,"href":"https:\/\/anprotec.org.br\/cerne\/wp-json\/wp\/v2\/tags?post=1170"}],"curies":[{"name":"wp","href":"https:\/\/api.w.org\/{rel}","templated":true}]}}