{"id":1169,"date":"2019-08-19T13:00:28","date_gmt":"2019-08-19T13:00:28","guid":{"rendered":"http:\/\/anprotec.org.br\/cerne\/?p=988"},"modified":"2019-08-19T13:00:28","modified_gmt":"2019-08-19T13:00:28","slug":"incubadoras-sao-certificadas-pelo-cerne-durante-o-workshop-anprotec-2019","status":"publish","type":"post","link":"https:\/\/anprotec.org.br\/cerne\/incubadoras-sao-certificadas-pelo-cerne-durante-o-workshop-anprotec-2019\/","title":{"rendered":"Incubadoras s\u00e3o certificadas pelo Cerne durante o Workshop Anprotec 2019"},"content":{"rendered":"<p>Ontem (12), ao final do Workshop Anprotec 2019, realizado em Florian\u00f3polis-SC, durante o Innovation Summit Brasil, aconteceu a certifica\u00e7\u00e3o das incubadoras que realizaram a implanta\u00e7\u00e3o Cerne.<\/p>\n<p>Foram certificadas:<\/p>\n<ul>\n<li>Funda\u00e7\u00e3o Educere de Campo Mour\u00e3o<\/li>\n<li>Incubadora de Empresas Idea<\/li>\n<li>Incubadora de Inova\u00e7\u00f5es Tecnol\u00f3gicas da UTFPR \u2013 Campus Pato Branco<\/li>\n<li>Incubadora de Inova\u00e7\u00f5es Tecnol\u00f3gicas da UTFPR \u2013 Campus Ponta Grossa<\/li>\n<li>Incubadora Tecnol\u00f3gica Feevale<\/li>\n<li>Incubadora Tecnol\u00f3gica de Caxias do Sul ITEC\/UCS<\/li>\n<li>Incubadora Tecnol\u00f3gica de Empreendimentos Criativos<\/li>\n<li>Inovadores de Campina Grande \u2013 ITCG<\/li>\n<li>Incubadora Tecnol\u00f3gica de Guarapuava \u2013 INTEG<\/li>\n<li>Incubadora Tecnol\u00f3gica Ulbratech de Canos<\/li>\n<li>Incubadora Tecnol\u00f3gica de Mossor\u00f3 ITMO<\/li>\n<li>Pantanal Incubadora Mista de Empresas (PIME\/UFMS)<\/li>\n<li>UninCUBADORA<\/li>\n<li>UNINOVA \u2013 N\u00facleo de Inova\u00e7\u00e3o Tecnol\u00f3gica da Univali<\/li>\n<li>Centro de Empreendedorismo e Incuba\u00e7\u00e3o da UFG \u2013 CEI<\/li>\n<li>Incubadora Miditecnol\u00f3gico<\/li>\n<li>Incubadora Tecnol\u00f3gica e do Agroneg\u00f3cio de Mossor\u00f3 \u2013 IAGRAM<\/li>\n<li>Instituto Gene Blumenau<\/li>\n<li>Incubadora Tecnol\u00f3gica Natal Central \u2013 INTC<\/li>\n<li>N\u00facleo de Incuba\u00e7\u00e3o do Porto Digital<\/li>\n<li>Parque de Desenvolvimento Tecnol\u00f3gico \u2013 PADETEC<\/li>\n<\/ul>\n<p>\u201cQuando criamos o Cerne, t\u00ednhamos um sonho de qualificar as incubadoras brasileiras. Hoje, vemos que a realidade \u00e9 maior do que o sonho, ao percebermos que o Cerne tem se consolidado como um modelo de refer\u00eancia em gest\u00e3o de incubadoras e contribu\u00eddo decisivamente com dezenas de empreendimentos de sucesso em todo o pa\u00eds\u201d, explicou Sheila Oliveira Pires, superintendente executiva da Anprotec, que conduziu a cerim\u00f4nia.<\/p>\n<p>O processo de implanta\u00e7\u00e3o do Cerne vem sendo desenvolvido pela Anprotec e pelo Sebrae desde 2008, ano em que foi realizado o primeiro workshop sobre o modelo de gest\u00e3o, que apresenta boas pr\u00e1ticas a serem adotadas em diversos processos-chave em uma incubadora.<\/p>\n<p><img loading=\"lazy\" decoding=\"async\" class=\"aligncenter wp-image-989 size-medium\" src=\"https:\/\/anprotec.org.br\/cerne-antigo\/wp-content\/uploads\/2019\/08\/WhatsApp-Image-2019-08-12-at-22.06.50-2-1024x682-485x323.jpeg\" alt=\"\" width=\"485\" height=\"323\" \/><\/p>\n","protected":false},"excerpt":{"rendered":"<p>Ontem (12), ao final do Workshop Anprotec 2019, realizado em Florian\u00f3polis-SC, durante o Innovation Summit Brasil, aconteceu a certifica\u00e7\u00e3o das incubadoras que realizaram a implanta\u00e7\u00e3o Cerne. Foram certificadas: Funda\u00e7\u00e3o Educere de Campo Mour\u00e3o Incubadora de Empresas Idea Incubadora de Inova\u00e7\u00f5es Tecnol\u00f3gicas da UTFPR \u2013 Campus Pato Branco Incubadora de Inova\u00e7\u00f5es Tecnol\u00f3gicas da UTFPR \u2013 Campus &hellip;<\/p>\n<p class=\"read-more\"> <a class=\"\" href=\"https:\/\/anprotec.org.br\/cerne\/incubadoras-sao-certificadas-pelo-cerne-durante-o-workshop-anprotec-2019\/\"> <span class=\"screen-reader-text\">Incubadoras s\u00e3o certificadas pelo Cerne durante o Workshop Anprotec 2019<\/span> Leia mais &raquo;<\/a><\/p>\n","protected":false},"author":3,"featured_media":0,"comment_status":"closed","ping_status":"open","sticky":false,"template":"","format":"standard","meta":{"footnotes":""},"categories":[6],"tags":[],"class_list":["post-1169","post","type-post","status-publish","format-standard","hentry","category-sem-categoria"],"_links":{"self":[{"href":"https:\/\/anprotec.org.br\/cerne\/wp-json\/wp\/v2\/posts\/1169","targetHints":{"allow":["GET"]}}],"collection":[{"href":"https:\/\/anprotec.org.br\/cerne\/wp-json\/wp\/v2\/posts"}],"about":[{"href":"https:\/\/anprotec.org.br\/cerne\/wp-json\/wp\/v2\/types\/post"}],"author":[{"embeddable":true,"href":"https:\/\/anprotec.org.br\/cerne\/wp-json\/wp\/v2\/users\/3"}],"replies":[{"embeddable":true,"href":"https:\/\/anprotec.org.br\/cerne\/wp-json\/wp\/v2\/comments?post=1169"}],"version-history":[{"count":0,"href":"https:\/\/anprotec.org.br\/cerne\/wp-json\/wp\/v2\/posts\/1169\/revisions"}],"wp:attachment":[{"href":"https:\/\/anprotec.org.br\/cerne\/wp-json\/wp\/v2\/media?parent=1169"}],"wp:term":[{"taxonomy":"category","embeddable":true,"href":"https:\/\/anprotec.org.br\/cerne\/wp-json\/wp\/v2\/categories?post=1169"},{"taxonomy":"post_tag","embeddable":true,"href":"https:\/\/anprotec.org.br\/cerne\/wp-json\/wp\/v2\/tags?post=1169"}],"curies":[{"name":"wp","href":"https:\/\/api.w.org\/{rel}","templated":true}]}}