{"id":1157,"date":"2018-09-18T14:05:52","date_gmt":"2018-09-18T14:05:52","guid":{"rendered":"http:\/\/anprotec.org.br\/cerne\/?p=899"},"modified":"2018-09-18T14:05:52","modified_gmt":"2018-09-18T14:05:52","slug":"incubadoras-sao-certificadas-pelo-cerne-durante-a-28a-conferencia-anprotec","status":"publish","type":"post","link":"https:\/\/anprotec.org.br\/cerne\/incubadoras-sao-certificadas-pelo-cerne-durante-a-28a-conferencia-anprotec\/","title":{"rendered":"Incubadoras s\u00e3o certificadas pelo Cerne durante a 28\u00aa Confer\u00eancia Anprotec"},"content":{"rendered":"<p>Ap\u00f3s a solenidade de abertura da 28\u00aa Confer\u00eancia Anprotec, que aconteceu nesta segunda-feira (17\/9), no Centro de Conven\u00e7\u00f5es Goi\u00e2nia, em Goi\u00e2nia (GO), quatro novas incubadoras receberam a certifica\u00e7\u00e3o do Cerne (Centro de Refer\u00eancia para Apoio a Novos Empreendimentos) durante uma cerim\u00f4nia.<\/p>\n<p>Foram certificadas a Incubadora Tecnol\u00f3gica Univates \u2013 Univates, de Lajeado (RS), a Incubadora de Base Tecnol\u00f3gica \u2013 InovaParq, de Joinville (SC), a Incubadora Tecnol\u00f3gica da Unochapec\u00f3, de Chapec\u00f3 (SC) e a Criatec Incubadora de Empresas de Inova\u00e7\u00e3o Tecnol\u00f3gica \u2013 Unijui, de Iju\u00ed (RS).<\/p>\n<p>\u201cQuando criamos o Cerne, t\u00ednhamos um sonho de qualificar as incubadoras brasileiras. Hoje, vemos que a realidade \u00e9 maior do que o sonho, ao percebermos que o Cerne tem se consolidado como um modelo de refer\u00eancia em gest\u00e3o de incubadoras e contribu\u00eddo decisivamente com dezenas de empreendimentos de sucesso em todo o pa\u00eds\u201d, explicou Sheila Oliveira Pires, superintendente executiva da Anprotec, que conduziu a cerim\u00f4nia.<\/p>\n<p>O processo de implanta\u00e7\u00e3o do Cerne vem sendo desenvolvido pela Anprotec e pelo Sebrae desde 2008, ano em que foi realizado o primeiro workshop sobre o modelo de gest\u00e3o, que apresenta boas pr\u00e1ticas a serem adotadas em diversos processos-chave em uma incubadora.<\/p>\n<p>Jos\u00e9 Alberto Sampaio Aranha, presidente da Anprotec, C\u00e9lio Cabral, gerente de Acesso \u00e0 Inova\u00e7\u00e3o e Tecnologia do Sebrae, Lu\u00eds Afonso Berm\u00fadez, ex-presidente da Anprotec e presidente do Conselho Deliberativo do Sebrae no Distrito Federal e Carmem Gondim, gerente da Unidade de Inova\u00e7\u00e3o e Competitividade do Sebrae-GO, fizeram a entrega dos certificados.<\/p>\n","protected":false},"excerpt":{"rendered":"<p>Ap\u00f3s a solenidade de abertura da 28\u00aa Confer\u00eancia Anprotec, que aconteceu nesta segunda-feira (17\/9), no Centro de Conven\u00e7\u00f5es Goi\u00e2nia, em Goi\u00e2nia (GO), quatro novas incubadoras receberam a certifica\u00e7\u00e3o do Cerne (Centro de Refer\u00eancia para Apoio a Novos Empreendimentos) durante uma cerim\u00f4nia. Foram certificadas a Incubadora Tecnol\u00f3gica Univates \u2013 Univates, de Lajeado (RS), a Incubadora de &hellip;<\/p>\n<p class=\"read-more\"> <a class=\"\" href=\"https:\/\/anprotec.org.br\/cerne\/incubadoras-sao-certificadas-pelo-cerne-durante-a-28a-conferencia-anprotec\/\"> <span class=\"screen-reader-text\">Incubadoras s\u00e3o certificadas pelo Cerne durante a 28\u00aa Confer\u00eancia Anprotec<\/span> Leia mais &raquo;<\/a><\/p>\n","protected":false},"author":2,"featured_media":900,"comment_status":"closed","ping_status":"open","sticky":false,"template":"","format":"standard","meta":{"footnotes":""},"categories":[6],"tags":[],"class_list":["post-1157","post","type-post","status-publish","format-standard","has-post-thumbnail","hentry","category-sem-categoria"],"_links":{"self":[{"href":"https:\/\/anprotec.org.br\/cerne\/wp-json\/wp\/v2\/posts\/1157","targetHints":{"allow":["GET"]}}],"collection":[{"href":"https:\/\/anprotec.org.br\/cerne\/wp-json\/wp\/v2\/posts"}],"about":[{"href":"https:\/\/anprotec.org.br\/cerne\/wp-json\/wp\/v2\/types\/post"}],"author":[{"embeddable":true,"href":"https:\/\/anprotec.org.br\/cerne\/wp-json\/wp\/v2\/users\/2"}],"replies":[{"embeddable":true,"href":"https:\/\/anprotec.org.br\/cerne\/wp-json\/wp\/v2\/comments?post=1157"}],"version-history":[{"count":0,"href":"https:\/\/anprotec.org.br\/cerne\/wp-json\/wp\/v2\/posts\/1157\/revisions"}],"wp:featuredmedia":[{"embeddable":true,"href":"https:\/\/anprotec.org.br\/cerne\/wp-json\/"}],"wp:attachment":[{"href":"https:\/\/anprotec.org.br\/cerne\/wp-json\/wp\/v2\/media?parent=1157"}],"wp:term":[{"taxonomy":"category","embeddable":true,"href":"https:\/\/anprotec.org.br\/cerne\/wp-json\/wp\/v2\/categories?post=1157"},{"taxonomy":"post_tag","embeddable":true,"href":"https:\/\/anprotec.org.br\/cerne\/wp-json\/wp\/v2\/tags?post=1157"}],"curies":[{"name":"wp","href":"https:\/\/api.w.org\/{rel}","templated":true}]}}