{"id":1155,"date":"2018-08-15T13:52:31","date_gmt":"2018-08-15T13:52:31","guid":{"rendered":"http:\/\/anprotec.org.br\/cerne\/?p=876"},"modified":"2018-08-15T13:52:31","modified_gmt":"2018-08-15T13:52:31","slug":"curso-de-implantacao-cerne-teve-seu-primeiro-dia-em-belem","status":"publish","type":"post","link":"https:\/\/anprotec.org.br\/cerne\/curso-de-implantacao-cerne-teve-seu-primeiro-dia-em-belem\/","title":{"rendered":"Curso de Implanta\u00e7\u00e3o Cerne teve seu primeiro dia em Bel\u00e9m"},"content":{"rendered":"<p style=\"color: #626262;\">A rodada de capacita\u00e7\u00e3o sobre o modelo Cerne de gest\u00e3o de incubadoras de empresas, promovida pela Anprotec, em Bel\u00e9m (PA), teve in\u00edcio ontem (13\/08).<\/p>\n<p style=\"color: #626262;\">Curso de Implanta\u00e7\u00e3o Cerne tem como objetivo capacitar participantes na concep\u00e7\u00e3o, implanta\u00e7\u00e3o e opera\u00e7\u00e3o de sistemas de incuba\u00e7\u00e3o, de forma a possibilitar a gera\u00e7\u00e3o sistem\u00e1tica de inova\u00e7\u00f5es, abordando conte\u00fados que v\u00e3o desde a sele\u00e7\u00e3o de empreendimentos inovadores at\u00e9 a internacionaliza\u00e7\u00e3o das incubadoras.<\/p>\n<p style=\"color: #626262;\"><span style=\"font-weight: bold; font-style: inherit;\">O Cerne<\/span><\/p>\n<p style=\"color: #626262;\">Resultado de uma parceria entre a Anprotec e o Sebrae, o Cerne \u00e9 um modelo de gest\u00e3o que visa promover a melhoria expressiva nos resultados das incubadoras de diferentes setores de atua\u00e7\u00e3o. Para isso, determina boas pr\u00e1ticas a serem adotadas em diversos processos-chave, que est\u00e3o associados a n\u00edveis de maturidade \u2013 Cerne 1, Cerne 2, Cerne 3 e Cerne 4. Cada n\u00edvel de maturidade representa um passo da incubadora em dire\u00e7\u00e3o \u00e0 melhoria cont\u00ednua. Atualmente, o modelo passa por altera\u00e7\u00f5es para tornar-se ainda mais din\u00e2mico.<\/p>\n<p style=\"color: #626262;\">Saiba mais sobre o Cerne em:\u00a0<a style=\"color: #ffb400;\" href=\"http:\/\/www.anprotec.org.br\/cerne\" target=\"_blank\" rel=\"noopener\">www.anprotec.org.br\/cerne<\/a>.<\/p>\n<p style=\"color: #626262;\">Confira as fotos:<\/p>\n\n","protected":false},"excerpt":{"rendered":"<p>A rodada de capacita\u00e7\u00e3o sobre o modelo Cerne de gest\u00e3o de incubadoras de empresas, promovida pela Anprotec, em Bel\u00e9m (PA), teve in\u00edcio ontem (13\/08). Curso de Implanta\u00e7\u00e3o Cerne tem como objetivo capacitar participantes na concep\u00e7\u00e3o, implanta\u00e7\u00e3o e opera\u00e7\u00e3o de sistemas de incuba\u00e7\u00e3o, de forma a possibilitar a gera\u00e7\u00e3o sistem\u00e1tica de inova\u00e7\u00f5es, abordando conte\u00fados que v\u00e3o &hellip;<\/p>\n<p class=\"read-more\"> <a class=\"\" href=\"https:\/\/anprotec.org.br\/cerne\/curso-de-implantacao-cerne-teve-seu-primeiro-dia-em-belem\/\"> <span class=\"screen-reader-text\">Curso de Implanta\u00e7\u00e3o Cerne teve seu primeiro dia em Bel\u00e9m<\/span> Leia mais &raquo;<\/a><\/p>\n","protected":false},"author":2,"featured_media":878,"comment_status":"open","ping_status":"open","sticky":false,"template":"","format":"standard","meta":{"footnotes":""},"categories":[6],"tags":[],"class_list":["post-1155","post","type-post","status-publish","format-standard","has-post-thumbnail","hentry","category-sem-categoria"],"_links":{"self":[{"href":"https:\/\/anprotec.org.br\/cerne\/wp-json\/wp\/v2\/posts\/1155","targetHints":{"allow":["GET"]}}],"collection":[{"href":"https:\/\/anprotec.org.br\/cerne\/wp-json\/wp\/v2\/posts"}],"about":[{"href":"https:\/\/anprotec.org.br\/cerne\/wp-json\/wp\/v2\/types\/post"}],"author":[{"embeddable":true,"href":"https:\/\/anprotec.org.br\/cerne\/wp-json\/wp\/v2\/users\/2"}],"replies":[{"embeddable":true,"href":"https:\/\/anprotec.org.br\/cerne\/wp-json\/wp\/v2\/comments?post=1155"}],"version-history":[{"count":0,"href":"https:\/\/anprotec.org.br\/cerne\/wp-json\/wp\/v2\/posts\/1155\/revisions"}],"wp:featuredmedia":[{"embeddable":true,"href":"https:\/\/anprotec.org.br\/cerne\/wp-json\/"}],"wp:attachment":[{"href":"https:\/\/anprotec.org.br\/cerne\/wp-json\/wp\/v2\/media?parent=1155"}],"wp:term":[{"taxonomy":"category","embeddable":true,"href":"https:\/\/anprotec.org.br\/cerne\/wp-json\/wp\/v2\/categories?post=1155"},{"taxonomy":"post_tag","embeddable":true,"href":"https:\/\/anprotec.org.br\/cerne\/wp-json\/wp\/v2\/tags?post=1155"}],"curies":[{"name":"wp","href":"https:\/\/api.w.org\/{rel}","templated":true}]}}