{"id":1154,"date":"2018-08-15T13:49:19","date_gmt":"2018-08-15T13:49:19","guid":{"rendered":"http:\/\/anprotec.org.br\/cerne\/?p=872"},"modified":"2018-08-15T13:49:19","modified_gmt":"2018-08-15T13:49:19","slug":"rodada-do-cerne-acontece-em-manaus-entre-os-dias-01-e-03-de-outubro","status":"publish","type":"post","link":"https:\/\/anprotec.org.br\/cerne\/rodada-do-cerne-acontece-em-manaus-entre-os-dias-01-e-03-de-outubro\/","title":{"rendered":"Rodada do Cerne acontece em Manaus entre os dias 01 e 03 de outubro"},"content":{"rendered":"<p style=\"color: #626262;\">Entre os dias\u00a001 e 03 de outubro\u00a0a Anprotec promove, em Manaus (AM), mais uma rodada de\u00a0implanta\u00e7\u00e3o do modelo\u00a0Cerne\u00a0de gest\u00e3o de incubadoras de empresas exclusiva aos seus associados.<\/p>\n<p style=\"color: #626262;\">O curso ir\u00e1 acontecer no Instituto Federal de Educa\u00e7\u00e3o, Ci\u00eancia e Tecnologia da Amaz\u00f4nia (IFAM), situado na Avenida Sete de Setembro, 1975, Centro \u2013 Manaus.<\/p>\n<p style=\"color: #626262;\">Para se inscrever o investimento \u00e9 de R$ 600,00. As inscri\u00e7\u00f5es v\u00e3o at\u00e9 o dia 26 de setembro.<\/p>\n<p style=\"color: #626262;\">O Modelo Cerne 2018 teve mudan\u00e7as importantes. Neste novo modelo de implanta\u00e7\u00e3o, os participantes ir\u00e3o compreender todos os n\u00edveis de maturidade (desde o Cerne 1 at\u00e9 o 4). Ao final,\u00a0cada participante ser\u00e1 capaz de implantar, com seguran\u00e7a, as pr\u00e1ticas-chave de qualquer n\u00edvel de maturidade Cerne.<\/p>\n<p style=\"color: #626262;\">\u00a0Fa\u00e7a sua inscri\u00e7\u00e3o clicando\u00a0<a style=\"color: #ffb400;\" href=\"https:\/\/docs.google.com\/forms\/d\/e\/1FAIpQLSdzRoaKrYK4zi5IGGm03i9VGZGHs5amlnXNOsoP-0fT7abq8A\/viewform\" target=\"_blank\" rel=\"noopener\">aqui<\/a><\/p>\n<p style=\"color: #626262;\">Para d\u00favidas e informa\u00e7\u00f5es entre em contato atrav\u00e9s do e-mail\u00a0<a style=\"color: #ffb400;\" href=\"mailto:atendimento@anprotec.org.br\" target=\"_blank\" rel=\"noopener\">atendimento@anprotec.org.br<\/a><\/p>\n<p style=\"color: #626262;\">\n<p style=\"color: #626262;\"><a href=\"https:\/\/anprotec.org.br\/cerne-antigo\/wp-content\/uploads\/2018\/08\/Manaus.jpg\"><img loading=\"lazy\" decoding=\"async\" class=\"aligncenter wp-image-873\" src=\"https:\/\/anprotec.org.br\/cerne-antigo\/wp-content\/uploads\/2018\/08\/Manaus.jpg\" alt=\"Manaus\" width=\"600\" height=\"600\" \/><\/a><\/p>\n","protected":false},"excerpt":{"rendered":"<p>Entre os dias\u00a001 e 03 de outubro\u00a0a Anprotec promove, em Manaus (AM), mais uma rodada de\u00a0implanta\u00e7\u00e3o do modelo\u00a0Cerne\u00a0de gest\u00e3o de incubadoras de empresas exclusiva aos seus associados. O curso ir\u00e1 acontecer no Instituto Federal de Educa\u00e7\u00e3o, Ci\u00eancia e Tecnologia da Amaz\u00f4nia (IFAM), situado na Avenida Sete de Setembro, 1975, Centro \u2013 Manaus. Para se inscrever &hellip;<\/p>\n<p class=\"read-more\"> <a class=\"\" href=\"https:\/\/anprotec.org.br\/cerne\/rodada-do-cerne-acontece-em-manaus-entre-os-dias-01-e-03-de-outubro\/\"> <span class=\"screen-reader-text\">Rodada do Cerne acontece em Manaus entre os dias 01 e 03 de outubro<\/span> Leia mais &raquo;<\/a><\/p>\n","protected":false},"author":2,"featured_media":873,"comment_status":"open","ping_status":"open","sticky":false,"template":"","format":"standard","meta":{"footnotes":""},"categories":[6],"tags":[],"class_list":["post-1154","post","type-post","status-publish","format-standard","has-post-thumbnail","hentry","category-sem-categoria"],"_links":{"self":[{"href":"https:\/\/anprotec.org.br\/cerne\/wp-json\/wp\/v2\/posts\/1154","targetHints":{"allow":["GET"]}}],"collection":[{"href":"https:\/\/anprotec.org.br\/cerne\/wp-json\/wp\/v2\/posts"}],"about":[{"href":"https:\/\/anprotec.org.br\/cerne\/wp-json\/wp\/v2\/types\/post"}],"author":[{"embeddable":true,"href":"https:\/\/anprotec.org.br\/cerne\/wp-json\/wp\/v2\/users\/2"}],"replies":[{"embeddable":true,"href":"https:\/\/anprotec.org.br\/cerne\/wp-json\/wp\/v2\/comments?post=1154"}],"version-history":[{"count":0,"href":"https:\/\/anprotec.org.br\/cerne\/wp-json\/wp\/v2\/posts\/1154\/revisions"}],"wp:featuredmedia":[{"embeddable":true,"href":"https:\/\/anprotec.org.br\/cerne\/wp-json\/"}],"wp:attachment":[{"href":"https:\/\/anprotec.org.br\/cerne\/wp-json\/wp\/v2\/media?parent=1154"}],"wp:term":[{"taxonomy":"category","embeddable":true,"href":"https:\/\/anprotec.org.br\/cerne\/wp-json\/wp\/v2\/categories?post=1154"},{"taxonomy":"post_tag","embeddable":true,"href":"https:\/\/anprotec.org.br\/cerne\/wp-json\/wp\/v2\/tags?post=1154"}],"curies":[{"name":"wp","href":"https:\/\/api.w.org\/{rel}","templated":true}]}}