{"id":1152,"date":"2018-06-08T21:15:43","date_gmt":"2018-06-08T21:15:43","guid":{"rendered":"http:\/\/anprotec.org.br\/cerne\/?p=861"},"modified":"2018-06-08T21:15:43","modified_gmt":"2018-06-08T21:15:43","slug":"curso-de-implantacao-cerne-em-belem-tem-data-adiada-para-13-a-15-de-agosto","status":"publish","type":"post","link":"https:\/\/anprotec.org.br\/cerne\/curso-de-implantacao-cerne-em-belem-tem-data-adiada-para-13-a-15-de-agosto\/","title":{"rendered":"Curso de Implanta\u00e7\u00e3o Cerne em Bel\u00e9m tem data adiada para 13 a 15 de agosto"},"content":{"rendered":"<p style=\"text-align: justify;\">A rodada de capacita\u00e7\u00e3o sobre o modelo Cerne de gest\u00e3o de incubadoras de empresas, promovida pela Anprotec, em Bel\u00e9m (PA), que aconteceria entre os dias 13 e 15 de junho teve data alterada para 13 e 15 de agosto. As inscri\u00e7\u00f5es ser\u00e3o abertas em breve.<\/p>\n<p>O Curso de Implanta\u00e7\u00e3o Cerne \u00e9 focado em capacitar participantes na concep\u00e7\u00e3o, implanta\u00e7\u00e3o e opera\u00e7\u00e3o de sistemas de incuba\u00e7\u00e3o, de forma a possibilitar a gera\u00e7\u00e3o sistem\u00e1tica de inova\u00e7\u00f5es, abordando conte\u00fados que v\u00e3o desde a sele\u00e7\u00e3o de empreendimentos inovadores at\u00e9 a internacionaliza\u00e7\u00e3o das incubadoras.<\/p>\n<p>Ser\u00e3o 50 vagas dispon\u00edveis e o investimento \u00e9 de R$ 600,00. A capacita\u00e7\u00e3o ser\u00e1 realizada no Audit\u00f3rio do Pr\u00e9dio Espa\u00e7o Inova\u00e7\u00e3o, no Parque de Ci\u00eancia e Tecnologia Guam\u00e1 (PCT Guam\u00e1), Avenida Perimetral da Ci\u00eancia, km 01.<\/p>\n<p>Em caso de d\u00favidas, entre em contato pelo e-mail: atendimento@anprotec.org.br.<\/p>\n<p><strong>O Cerne<\/strong><br \/>\nResultado de uma parceria entre a Anprotec e o Sebrae, o Cerne \u00e9 um modelo de gest\u00e3o que visa promover a melhoria expressiva nos resultados das incubadoras de diferentes setores de atua\u00e7\u00e3o. Para isso, determina boas pr\u00e1ticas a serem adotadas em diversos processos-chave, que est\u00e3o associados a n\u00edveis de maturidade \u2013 Cerne 1, Cerne 2, Cerne 3 e Cerne 4. Cada n\u00edvel de maturidade representa um passo da incubadora em dire\u00e7\u00e3o \u00e0 melhoria cont\u00ednua. Atualmente, o modelo passa por altera\u00e7\u00f5es para tornar-se ainda mais din\u00e2mico.<br \/>\nSaiba mais sobre o Cerne em: <a href=\"www.anprotec.org.br\/cerne\" target=\"_blank\" rel=\"noopener\">www.anprotec.org.br\/cerne<\/a>.<\/p>\n","protected":false},"excerpt":{"rendered":"<p>A rodada de capacita\u00e7\u00e3o sobre o modelo Cerne de gest\u00e3o de incubadoras de empresas, promovida pela Anprotec, em Bel\u00e9m (PA), que aconteceria entre os dias 13 e 15 de junho teve data alterada para 13 e 15 de agosto. As inscri\u00e7\u00f5es ser\u00e3o abertas em breve. O Curso de Implanta\u00e7\u00e3o Cerne \u00e9 focado em capacitar participantes &hellip;<\/p>\n<p class=\"read-more\"> <a class=\"\" href=\"https:\/\/anprotec.org.br\/cerne\/curso-de-implantacao-cerne-em-belem-tem-data-adiada-para-13-a-15-de-agosto\/\"> <span class=\"screen-reader-text\">Curso de Implanta\u00e7\u00e3o Cerne em Bel\u00e9m tem data adiada para 13 a 15 de agosto<\/span> Leia mais &raquo;<\/a><\/p>\n","protected":false},"author":2,"featured_media":849,"comment_status":"open","ping_status":"open","sticky":false,"template":"","format":"standard","meta":{"footnotes":""},"categories":[6],"tags":[],"class_list":["post-1152","post","type-post","status-publish","format-standard","has-post-thumbnail","hentry","category-sem-categoria"],"_links":{"self":[{"href":"https:\/\/anprotec.org.br\/cerne\/wp-json\/wp\/v2\/posts\/1152","targetHints":{"allow":["GET"]}}],"collection":[{"href":"https:\/\/anprotec.org.br\/cerne\/wp-json\/wp\/v2\/posts"}],"about":[{"href":"https:\/\/anprotec.org.br\/cerne\/wp-json\/wp\/v2\/types\/post"}],"author":[{"embeddable":true,"href":"https:\/\/anprotec.org.br\/cerne\/wp-json\/wp\/v2\/users\/2"}],"replies":[{"embeddable":true,"href":"https:\/\/anprotec.org.br\/cerne\/wp-json\/wp\/v2\/comments?post=1152"}],"version-history":[{"count":0,"href":"https:\/\/anprotec.org.br\/cerne\/wp-json\/wp\/v2\/posts\/1152\/revisions"}],"wp:featuredmedia":[{"embeddable":true,"href":"https:\/\/anprotec.org.br\/cerne\/wp-json\/wp\/v2\/pages\/849"}],"wp:attachment":[{"href":"https:\/\/anprotec.org.br\/cerne\/wp-json\/wp\/v2\/media?parent=1152"}],"wp:term":[{"taxonomy":"category","embeddable":true,"href":"https:\/\/anprotec.org.br\/cerne\/wp-json\/wp\/v2\/categories?post=1152"},{"taxonomy":"post_tag","embeddable":true,"href":"https:\/\/anprotec.org.br\/cerne\/wp-json\/wp\/v2\/tags?post=1152"}],"curies":[{"name":"wp","href":"https:\/\/api.w.org\/{rel}","templated":true}]}}