{"id":1151,"date":"2018-05-28T17:32:40","date_gmt":"2018-05-28T17:32:40","guid":{"rendered":"http:\/\/anprotec.org.br\/cerne\/?p=853"},"modified":"2018-05-28T17:32:40","modified_gmt":"2018-05-28T17:32:40","slug":"curso-de-implantacao-cerne-sera-realizado-em-alfenas-mg-e-recebe-inscricoes-ate-18-de-junho","status":"publish","type":"post","link":"https:\/\/anprotec.org.br\/cerne\/curso-de-implantacao-cerne-sera-realizado-em-alfenas-mg-e-recebe-inscricoes-ate-18-de-junho\/","title":{"rendered":"Curso de Implanta\u00e7\u00e3o Cerne ser\u00e1 realizado em Alfenas (MG) e recebe inscri\u00e7\u00f5es at\u00e9 18 de junho"},"content":{"rendered":"<p style=\"text-align: justify;\">A cidade de Alfenas (MG) receber\u00e1, entre 25 e 28 de junho, a capacita\u00e7\u00e3o sobre o modelo <a href=\"http:\/\/www.anprotec.org.br\/cerne\">Cerne<\/a> de gest\u00e3o de incubadoras de empresas. Exclusivo para associados \u00e0 Anprotec, o Curso de Implanta\u00e7\u00e3o Cerne est\u00e1 com inscri\u00e7\u00f5es abertas at\u00e9 o dia 18 de junho, pelo link: <a href=\"https:\/\/goo.gl\/forms\/3vhtkcFZj6dNdFr53\">https:\/\/goo.gl\/forms\/3vhtkcFZj6dNdFr53<\/a>.<\/p>\n<p style=\"text-align: justify;\">O objetivo do Curso \u00e9 capacitar participantes na concep\u00e7\u00e3o, implanta\u00e7\u00e3o e opera\u00e7\u00e3o de sistemas de incuba\u00e7\u00e3o, de forma a possibilitar a gera\u00e7\u00e3o sistem\u00e1tica de inova\u00e7\u00f5es. Os conte\u00fados abordados v\u00e3o desde a sele\u00e7\u00e3o de empreendimentos inovadores at\u00e9 a internacionaliza\u00e7\u00e3o das incubadoras.<\/p>\n<p style=\"text-align: justify;\">S\u00e3o 50 vagas dispon\u00edveis e o investimento \u00e9 de R$ 600,00. A capacita\u00e7\u00e3o ser\u00e1 realizada no campus sede da Universidade Federal de Alfenas \u2013 Rua Gabriel Monteiro da Silva, 700, Centro. Para os interessados em se hospedar na cidade durante o Curso, indica-se o <a href=\"http:\/\/classhotel.com.br\/alfenas\/\">Class Hotel Alfenas<\/a>.<\/p>\n<p style=\"text-align: justify;\">Em caso de d\u00favidas, entre em contato pelo e-mail: <a href=\"mailto:atendimento@anprotec.org.br\">atendimento@anprotec.org.br<\/a>.<\/p>\n<p style=\"text-align: justify;\"><strong>O Cerne<\/strong><\/p>\n<p style=\"text-align: justify;\">Resultado de uma parceria entre a Anprotec e o Sebrae, o Cerne \u00e9 um modelo de gest\u00e3o que visa promover a melhoria expressiva nos resultados das incubadoras de diferentes setores de atua\u00e7\u00e3o. Para isso, determina boas pr\u00e1ticas a serem adotadas em diversos processos-chave, que est\u00e3o associados a n\u00edveis de maturidade \u2013 Cerne 1, Cerne 2, Cerne 3 e Cerne 4. Cada n\u00edvel de maturidade representa um passo da incubadora em dire\u00e7\u00e3o \u00e0 melhoria cont\u00ednua. Atualmente, o modelo passa por altera\u00e7\u00f5es para tornar-se ainda mais din\u00e2mico.<\/p>\n<p style=\"text-align: justify;\">Saiba mais sobre o Cerne em: <a href=\"www.anprotec.org.br\/cerne\">www.anprotec.org.br\/cerne<\/a>.<\/p>\n<p style=\"text-align: justify;\">\n","protected":false},"excerpt":{"rendered":"<p>A cidade de Alfenas (MG) receber\u00e1, entre 25 e 28 de junho, a capacita\u00e7\u00e3o sobre o modelo Cerne de gest\u00e3o de incubadoras de empresas. Exclusivo para associados \u00e0 Anprotec, o Curso de Implanta\u00e7\u00e3o Cerne est\u00e1 com inscri\u00e7\u00f5es abertas at\u00e9 o dia 18 de junho, pelo link: https:\/\/goo.gl\/forms\/3vhtkcFZj6dNdFr53. O objetivo do Curso \u00e9 capacitar participantes na &hellip;<\/p>\n<p class=\"read-more\"> <a class=\"\" href=\"https:\/\/anprotec.org.br\/cerne\/curso-de-implantacao-cerne-sera-realizado-em-alfenas-mg-e-recebe-inscricoes-ate-18-de-junho\/\"> <span class=\"screen-reader-text\">Curso de Implanta\u00e7\u00e3o Cerne ser\u00e1 realizado em Alfenas (MG) e recebe inscri\u00e7\u00f5es at\u00e9 18 de junho<\/span> Leia mais &raquo;<\/a><\/p>\n","protected":false},"author":2,"featured_media":854,"comment_status":"open","ping_status":"open","sticky":false,"template":"","format":"standard","meta":{"footnotes":""},"categories":[6],"tags":[18,19,20,21],"class_list":["post-1151","post","type-post","status-publish","format-standard","has-post-thumbnail","hentry","category-sem-categoria","tag-alfenas","tag-gestao","tag-incubadora-de-empresas","tag-minas-gerais"],"_links":{"self":[{"href":"https:\/\/anprotec.org.br\/cerne\/wp-json\/wp\/v2\/posts\/1151","targetHints":{"allow":["GET"]}}],"collection":[{"href":"https:\/\/anprotec.org.br\/cerne\/wp-json\/wp\/v2\/posts"}],"about":[{"href":"https:\/\/anprotec.org.br\/cerne\/wp-json\/wp\/v2\/types\/post"}],"author":[{"embeddable":true,"href":"https:\/\/anprotec.org.br\/cerne\/wp-json\/wp\/v2\/users\/2"}],"replies":[{"embeddable":true,"href":"https:\/\/anprotec.org.br\/cerne\/wp-json\/wp\/v2\/comments?post=1151"}],"version-history":[{"count":0,"href":"https:\/\/anprotec.org.br\/cerne\/wp-json\/wp\/v2\/posts\/1151\/revisions"}],"wp:featuredmedia":[{"embeddable":true,"href":"https:\/\/anprotec.org.br\/cerne\/wp-json\/"}],"wp:attachment":[{"href":"https:\/\/anprotec.org.br\/cerne\/wp-json\/wp\/v2\/media?parent=1151"}],"wp:term":[{"taxonomy":"category","embeddable":true,"href":"https:\/\/anprotec.org.br\/cerne\/wp-json\/wp\/v2\/categories?post=1151"},{"taxonomy":"post_tag","embeddable":true,"href":"https:\/\/anprotec.org.br\/cerne\/wp-json\/wp\/v2\/tags?post=1151"}],"curies":[{"name":"wp","href":"https:\/\/api.w.org\/{rel}","templated":true}]}}