{"id":1150,"date":"2018-05-25T18:33:22","date_gmt":"2018-05-25T18:33:22","guid":{"rendered":"http:\/\/anprotec.org.br\/cerne\/?p=848"},"modified":"2018-05-25T18:33:22","modified_gmt":"2018-05-25T18:33:22","slug":"inscricoes-abertas-para-curso-de-implantacao-cerne-que-acontece-em-belem-pa-em-junho","status":"publish","type":"post","link":"https:\/\/anprotec.org.br\/cerne\/inscricoes-abertas-para-curso-de-implantacao-cerne-que-acontece-em-belem-pa-em-junho\/","title":{"rendered":"Inscri\u00e7\u00f5es abertas para Curso de Implanta\u00e7\u00e3o Cerne, que acontece em Bel\u00e9m (PA) em junho"},"content":{"rendered":"<p style=\"text-align: justify;\">De 13 a 15 de junho, a Anprotec promover\u00e1, em Bel\u00e9m (PA), mais uma rodada de capacita\u00e7\u00e3o sobre o modelo <a href=\"https:\/\/anprotec.org.br\/cerne-antigo\/\">Cerne<\/a> de gest\u00e3o de incubadoras de empresas. A capacita\u00e7\u00e3o \u00e9 exclusiva para associados \u00e0 Anprotec. As inscri\u00e7\u00f5es est\u00e3o abertas at\u00e9 o dia 8 de junho e podem ser feitas pelo link: <a href=\"https:\/\/goo.gl\/forms\/ItgZfvP3HYGs1RAB3\">https:\/\/goo.gl\/forms\/ItgZfvP3HYGs1RAB3<\/a>.<\/p>\n<p style=\"text-align: justify;\">O Curso de Implanta\u00e7\u00e3o Cerne \u00e9 focado em capacitar participantes na concep\u00e7\u00e3o, implanta\u00e7\u00e3o e opera\u00e7\u00e3o de sistemas de incuba\u00e7\u00e3o, de forma a possibilitar a gera\u00e7\u00e3o sistem\u00e1tica de inova\u00e7\u00f5es. O Curso aborda conte\u00fados que v\u00e3o desde a sele\u00e7\u00e3o de empreendimentos inovadores at\u00e9 a internacionaliza\u00e7\u00e3o das incubadoras.<\/p>\n<p style=\"text-align: justify;\">O Curso tem 50 vagas dispon\u00edveis e o investimento \u00e9 de R$ 600,00. A capacita\u00e7\u00e3o ser\u00e1 realizada no Audit\u00f3rio do Pr\u00e9dio Espa\u00e7o Inova\u00e7\u00e3o, no Parque de Ci\u00eancia e Tecnologia Guam\u00e1 (PCT Guam\u00e1), Avenida Perimetral da Ci\u00eancia, km 01.<\/p>\n<p style=\"text-align: justify;\">Confira, abaixo, a lista de hot\u00e9is indicados:<\/p>\n<p style=\"text-align: justify;\"><a href=\"http:\/\/www.stadahotels.com.br\/\">Stada Hotels<\/a> &#8211; Fica a 15 minutos do PCT Guam\u00e1 de t\u00e1xi\/uber;<\/p>\n<p style=\"text-align: justify;\"><a href=\"http:\/\/www.hotelhangar.com.br\/\">Hotel Hangar<\/a> &#8211;\u00a0Fica a 15 minutos do PCT Guam\u00e1 de t\u00e1xi\/uber;<\/p>\n<p style=\"text-align: justify;\"><a href=\"http:\/\/www.ibis.com\/pt-br\/hotel-5624-ibis-budget-belem\/index.shtml\">Hotel Ibis Budget<\/a> &#8211;\u00a0Fica a 15 minutos do PCT Guam\u00e1 de t\u00e1xi\/uber;<\/p>\n<p style=\"text-align: justify;\"><a href=\"http:\/\/www.tulipinnbelemnazare.com\/\">Hotel Tulip Inn<\/a> &#8211; Mais central. Por\u00e9m, fica um pouco mais longe do\u00a0PCT Guam\u00e1,\u00a0a 20 minutos de t\u00e1xi\/uber.<\/p>\n<p style=\"text-align: justify;\">Em caso de d\u00favidas, entre em contato pelo e-mail: <a href=\"mailto:atendimento@anprotec.org.br\">atendimento@anprotec.org.br<\/a>.<\/p>\n<p style=\"text-align: justify;\"><strong>O Cerne<\/strong><\/p>\n<p style=\"text-align: justify;\">Resultado de uma parceria entre a Anprotec e o Sebrae, o Cerne \u00e9 um modelo de gest\u00e3o que visa promover a melhoria expressiva nos resultados das incubadoras de diferentes setores de atua\u00e7\u00e3o. Para isso, determina boas pr\u00e1ticas a serem adotadas em diversos processos-chave, que est\u00e3o associados a n\u00edveis de maturidade \u2013 Cerne 1, Cerne 2, Cerne 3 e Cerne 4. Cada n\u00edvel de maturidade representa um passo da incubadora em dire\u00e7\u00e3o \u00e0 melhoria cont\u00ednua. Atualmente, o modelo passa por altera\u00e7\u00f5es para tornar-se ainda mais din\u00e2mico.<\/p>\n<p style=\"text-align: justify;\">Saiba mais sobre o Cerne em: \u00a0<a href=\"http:\/\/www.anprotec.org.br\/cerne\">www.anprotec.org.br\/cerne<\/a>.<\/p>\n","protected":false},"excerpt":{"rendered":"<p>De 13 a 15 de junho, a Anprotec promover\u00e1, em Bel\u00e9m (PA), mais uma rodada de capacita\u00e7\u00e3o sobre o modelo Cerne de gest\u00e3o de incubadoras de empresas. A capacita\u00e7\u00e3o \u00e9 exclusiva para associados \u00e0 Anprotec. As inscri\u00e7\u00f5es est\u00e3o abertas at\u00e9 o dia 8 de junho e podem ser feitas pelo link: https:\/\/goo.gl\/forms\/ItgZfvP3HYGs1RAB3. O Curso de &hellip;<\/p>\n<p class=\"read-more\"> <a class=\"\" href=\"https:\/\/anprotec.org.br\/cerne\/inscricoes-abertas-para-curso-de-implantacao-cerne-que-acontece-em-belem-pa-em-junho\/\"> <span class=\"screen-reader-text\">Inscri\u00e7\u00f5es abertas para Curso de Implanta\u00e7\u00e3o Cerne, que acontece em Bel\u00e9m (PA) em junho<\/span> Leia mais &raquo;<\/a><\/p>\n","protected":false},"author":2,"featured_media":849,"comment_status":"open","ping_status":"open","sticky":false,"template":"","format":"standard","meta":{"footnotes":""},"categories":[6],"tags":[16,7,17],"class_list":["post-1150","post","type-post","status-publish","format-standard","has-post-thumbnail","hentry","category-sem-categoria","tag-belem","tag-cerne","tag-para"],"_links":{"self":[{"href":"https:\/\/anprotec.org.br\/cerne\/wp-json\/wp\/v2\/posts\/1150","targetHints":{"allow":["GET"]}}],"collection":[{"href":"https:\/\/anprotec.org.br\/cerne\/wp-json\/wp\/v2\/posts"}],"about":[{"href":"https:\/\/anprotec.org.br\/cerne\/wp-json\/wp\/v2\/types\/post"}],"author":[{"embeddable":true,"href":"https:\/\/anprotec.org.br\/cerne\/wp-json\/wp\/v2\/users\/2"}],"replies":[{"embeddable":true,"href":"https:\/\/anprotec.org.br\/cerne\/wp-json\/wp\/v2\/comments?post=1150"}],"version-history":[{"count":0,"href":"https:\/\/anprotec.org.br\/cerne\/wp-json\/wp\/v2\/posts\/1150\/revisions"}],"wp:featuredmedia":[{"embeddable":true,"href":"https:\/\/anprotec.org.br\/cerne\/wp-json\/wp\/v2\/pages\/849"}],"wp:attachment":[{"href":"https:\/\/anprotec.org.br\/cerne\/wp-json\/wp\/v2\/media?parent=1150"}],"wp:term":[{"taxonomy":"category","embeddable":true,"href":"https:\/\/anprotec.org.br\/cerne\/wp-json\/wp\/v2\/categories?post=1150"},{"taxonomy":"post_tag","embeddable":true,"href":"https:\/\/anprotec.org.br\/cerne\/wp-json\/wp\/v2\/tags?post=1150"}],"curies":[{"name":"wp","href":"https:\/\/api.w.org\/{rel}","templated":true}]}}