{"id":1149,"date":"2018-03-07T17:11:20","date_gmt":"2018-03-07T17:11:20","guid":{"rendered":"http:\/\/anprotec.org.br\/cerne\/?p=830"},"modified":"2018-03-07T17:11:20","modified_gmt":"2018-03-07T17:11:20","slug":"capacitacao-cerne-recebe-40-representantes-de-incubadoras-em-canoas","status":"publish","type":"post","link":"https:\/\/anprotec.org.br\/cerne\/capacitacao-cerne-recebe-40-representantes-de-incubadoras-em-canoas\/","title":{"rendered":"Capacita\u00e7\u00e3o Cerne recebe 40 representantes de incubadoras em Canoas"},"content":{"rendered":"<p style=\"text-align: justify;\">Entre os dias 6 e 9 de mar\u00e7o, a Anprotec, em parceria com o Sebrae e a Rede Ga\u00facha de Incubadoras de Empresas e Parques Tecnol\u00f3gicos (Reginp), organizador local, est\u00e1 recebendo mais uma rodada de Capacita\u00e7\u00e3o Cerne \u2013 Centro de Refer\u00eancia para Apoio a Novos Empreendimentos, em Canoas (RS).<\/p>\n<p style=\"text-align: justify;\">Os dois primeiros dias (6 e 7\/3), foram dedicados ao Workshop de Nivelamento e ao Curso de Implanta\u00e7\u00e3o Cerne 1.<\/p>\n<p style=\"text-align: justify;\">J\u00e1 os dias 8 e 9\/3 s\u00e3o destinados \u00e0queles que participaram da primeira etapa da Capacita\u00e7\u00e3o \u2013 o curso Cerne \u00e9 pr\u00e9-requisito neste caso \u2013 e que estar\u00e3o aptos ao Curso de Implanta\u00e7\u00e3o Cerne 2 \u2013 segundo est\u00e1gio de aplica\u00e7\u00e3o do modelo, focado em gest\u00e3o organizacional.<\/p>\n<p style=\"text-align: justify;\"><strong>Cerne<\/strong><\/p>\n<p style=\"text-align: justify;\">O Centro de Refer\u00eancia para Apoio a Novos Empreendimentos (Cerne) \u00e9 uma plataforma que visa promover a melhoria expressiva nos resultados das incubadoras de diferentes setores de atua\u00e7\u00e3o.<\/p>\n<p style=\"text-align: justify;\">O objetivo do Cerne \u00e9 oferecer uma plataforma de solu\u00e7\u00f5es, para ampliar a capacidade da incubadora em gerar empreendimentos inovadores bem-sucedidos. O Cerne cria uma base de refer\u00eancia para que as incubadoras de diferentes \u00e1reas e portes possam reduzir o n\u00edvel de variabilidade na obten\u00e7\u00e3o de sucesso das empresas apoiadas.<\/p>\n<p style=\"text-align: justify;\">Para isso, determina boas pr\u00e1ticas a serem adotadas em diversos processos-chave, que est\u00e3o associados a n\u00edveis de maturidade (Cerne 1, Cerne 2, Cerne 3 e Cerne 4). Cada n\u00edvel de maturidade representa um passo da incubadora em dire\u00e7\u00e3o \u00e0 melhoria cont\u00ednua.<\/p>\n<p style=\"text-align: justify;\"><strong>Confira as fotos!\u00a0<\/strong><\/p>\n<p style=\"text-align: justify;\"><a href=\"https:\/\/anprotec.org.br\/cerne-antigo\/wp-content\/uploads\/2018\/03\/20180306_124305.jpg\"><img loading=\"lazy\" decoding=\"async\" class=\"aligncenter size-medium wp-image-833\" src=\"https:\/\/anprotec.org.br\/cerne-antigo\/wp-content\/uploads\/2018\/03\/20180306_124305-430x323.jpg\" alt=\"20180306_124305\" width=\"430\" height=\"323\" \/><\/a><\/p>\n<p style=\"text-align: justify;\"><a href=\"https:\/\/anprotec.org.br\/cerne-antigo\/wp-content\/uploads\/2018\/03\/20180306_110427.jpg\"><img loading=\"lazy\" decoding=\"async\" class=\"aligncenter size-medium wp-image-832\" src=\"https:\/\/anprotec.org.br\/cerne-antigo\/wp-content\/uploads\/2018\/03\/20180306_110427-430x323.jpg\" alt=\"20180306_110427\" width=\"430\" height=\"323\" \/><\/a><\/p>\n<p style=\"text-align: justify;\"><a href=\"https:\/\/anprotec.org.br\/cerne-antigo\/wp-content\/uploads\/2018\/03\/20180306_110408.jpg\"><img loading=\"lazy\" decoding=\"async\" class=\"aligncenter size-medium wp-image-831\" src=\"https:\/\/anprotec.org.br\/cerne-antigo\/wp-content\/uploads\/2018\/03\/20180306_110408-430x323.jpg\" alt=\"20180306_110408\" width=\"430\" height=\"323\" \/><\/a><\/p>\n","protected":false},"excerpt":{"rendered":"<p>Entre os dias 6 e 9 de mar\u00e7o, a Anprotec, em parceria com o Sebrae e a Rede Ga\u00facha de Incubadoras de Empresas e Parques Tecnol\u00f3gicos (Reginp), organizador local, est\u00e1 recebendo mais uma rodada de Capacita\u00e7\u00e3o Cerne \u2013 Centro de Refer\u00eancia para Apoio a Novos Empreendimentos, em Canoas (RS). Os dois primeiros dias (6 e &hellip;<\/p>\n<p class=\"read-more\"> <a class=\"\" href=\"https:\/\/anprotec.org.br\/cerne\/capacitacao-cerne-recebe-40-representantes-de-incubadoras-em-canoas\/\"> <span class=\"screen-reader-text\">Capacita\u00e7\u00e3o Cerne recebe 40 representantes de incubadoras em Canoas<\/span> Leia mais &raquo;<\/a><\/p>\n","protected":false},"author":2,"featured_media":0,"comment_status":"open","ping_status":"open","sticky":false,"template":"","format":"standard","meta":{"footnotes":""},"categories":[6],"tags":[],"class_list":["post-1149","post","type-post","status-publish","format-standard","hentry","category-sem-categoria"],"_links":{"self":[{"href":"https:\/\/anprotec.org.br\/cerne\/wp-json\/wp\/v2\/posts\/1149","targetHints":{"allow":["GET"]}}],"collection":[{"href":"https:\/\/anprotec.org.br\/cerne\/wp-json\/wp\/v2\/posts"}],"about":[{"href":"https:\/\/anprotec.org.br\/cerne\/wp-json\/wp\/v2\/types\/post"}],"author":[{"embeddable":true,"href":"https:\/\/anprotec.org.br\/cerne\/wp-json\/wp\/v2\/users\/2"}],"replies":[{"embeddable":true,"href":"https:\/\/anprotec.org.br\/cerne\/wp-json\/wp\/v2\/comments?post=1149"}],"version-history":[{"count":0,"href":"https:\/\/anprotec.org.br\/cerne\/wp-json\/wp\/v2\/posts\/1149\/revisions"}],"wp:attachment":[{"href":"https:\/\/anprotec.org.br\/cerne\/wp-json\/wp\/v2\/media?parent=1149"}],"wp:term":[{"taxonomy":"category","embeddable":true,"href":"https:\/\/anprotec.org.br\/cerne\/wp-json\/wp\/v2\/categories?post=1149"},{"taxonomy":"post_tag","embeddable":true,"href":"https:\/\/anprotec.org.br\/cerne\/wp-json\/wp\/v2\/tags?post=1149"}],"curies":[{"name":"wp","href":"https:\/\/api.w.org\/{rel}","templated":true}]}}