{"id":1148,"date":"2018-02-06T19:03:42","date_gmt":"2018-02-06T19:03:42","guid":{"rendered":"http:\/\/anprotec.org.br\/cerne\/?p=819"},"modified":"2018-02-06T19:03:42","modified_gmt":"2018-02-06T19:03:42","slug":"anprotec-promove-capacitacao-cerne-em-canoas-rs","status":"publish","type":"post","link":"https:\/\/anprotec.org.br\/cerne\/anprotec-promove-capacitacao-cerne-em-canoas-rs\/","title":{"rendered":"Anprotec recebe inscri\u00e7\u00f5es para capacita\u00e7\u00e3o Cerne em Canoas (RS) at\u00e9 26\/2"},"content":{"rendered":"<p style=\"text-align: justify;\"><a href=\"https:\/\/anprotec.org.br\/cerne-antigo\/wp-content\/uploads\/2018\/02\/calender-2389150_6401.png\"><img loading=\"lazy\" decoding=\"async\" class=\"alignleft size-thumbnail wp-image-817\" src=\"https:\/\/anprotec.org.br\/cerne-antigo\/wp-content\/uploads\/2018\/02\/calender-2389150_6401-150x150.png\" alt=\"calender-2389150_640\" width=\"150\" height=\"150\" \/><\/a>Entre os dias 6 e 9 de mar\u00e7o, a Anprotec, em parceria com o Sebrae e a Rede Ga\u00facha de Incubadoras de Empresas e Parques Tecnol\u00f3gicos (Reginp), organizador local, realizar\u00e1 mais uma rodada de Capacita\u00e7\u00e3o do Cerne \u2013 Centro de Refer\u00eancia para Apoio a Novos Empreendimentos, em Canoas (RS).<\/p>\n<p style=\"text-align: justify;\">Nos dois primeiros dias (6 e 7\/3), ser\u00e3o realizados o Workshop de Nivelamento e o Curso de Implanta\u00e7\u00e3o Cerne 1. J\u00e1 os dias 8 e 9\/3 ser\u00e3o destinados \u00e0queles que participaram da primeira etapa da Capacita\u00e7\u00e3o \u2013 o curso Cerne \u00e9 pr\u00e9-requisito neste caso \u2013 e que estar\u00e3o aptos ao Curso de Implanta\u00e7\u00e3o Cerne 2 \u2013 segundo est\u00e1gio de aplica\u00e7\u00e3o do modelo, focado em gest\u00e3o organizacional.<\/p>\n<p style=\"text-align: justify;\">As inscri\u00e7\u00f5es podem ser realizadas at\u00e9 o dia 26 de fevereiro. Para participa\u00e7\u00e3o no Curso de Implanta\u00e7\u00e3o Cerne 1, o investimento \u00e9 de R$ 540,00; para o Curso 2, R$ 500,00.<\/p>\n<p style=\"text-align: justify;\">Para se inscrever, basta preencher <a href=\"https:\/\/docs.google.com\/forms\/d\/e\/1FAIpQLSd9EOFVLrouWSaUryVHadsEV5SlEHTobBW6uqZC9uKX0-3YxQ\/viewform?c=0&amp;w=1\">este formul\u00e1rio<\/a> e enviar para o e-mail atendimento@anprotec.org.br<\/p>\n<p style=\"text-align: justify;\"><strong>Hor\u00e1rios da capacita\u00e7\u00e3o<\/strong><\/p>\n<p style=\"text-align: justify;\">06\/03 \u2013 Cerne 1: 9h \u00e0s 18h<br \/>\n07\/03 \u2013 Cerne 1: 8h30 \u00e0s 18h<br \/>\n08\/03 \u2013 Cerne 2: 8h30 \u00e0s 18h<br \/>\n09\/03 \u2013 Cerne 2: 8h30 \u00e0s 12h<\/p>\n<p style=\"text-align: justify;\"><strong>Local<\/strong><\/p>\n<p style=\"text-align: justify;\">Endere\u00e7o: Avenida Farroupilha, 8001. Bairro S\u00e3o Jos\u00e9. CEP: 92425-900. Canoas\/RS<\/p>\n<p style=\"text-align: justify;\">Local do Curso: Pr\u00e9dio 10 (Reitoria). 3\u00ba andar . Sala do Plenarinho.<\/p>\n<p style=\"text-align: justify;\">Para mais esclarecimentos, encaminhe um e-mail para atendimento@anprotec.org.br.<\/p>\n<p style=\"text-align: justify;\">**A Anprotec reserva-se no direito de n\u00e3o realizar o curso caso n\u00e3o atinja o n\u00famero m\u00ednimo de participantes por turma.<\/p>\n<p style=\"text-align: justify;\"><strong>Cerne<\/strong><\/p>\n<p style=\"text-align: justify;\">O Centro de Refer\u00eancia para Apoio a Novos Empreendimentos (Cerne) \u00e9 uma plataforma que visa promover a melhoria expressiva nos resultados das incubadoras de diferentes setores de atua\u00e7\u00e3o.<\/p>\n<p style=\"text-align: justify;\">O objetivo do Cerne \u00e9 oferecer uma plataforma de solu\u00e7\u00f5es, para ampliar a capacidade da incubadora em gerar empreendimentos inovadores bem-sucedidos. O Cerne cria uma base de refer\u00eancia para que as incubadoras de diferentes \u00e1reas e portes possam reduzir o n\u00edvel de variabilidade na obten\u00e7\u00e3o de sucesso das empresas apoiadas.<\/p>\n<p style=\"text-align: justify;\">Para isso, determina boas pr\u00e1ticas a serem adotadas em diversos processos-chave, que est\u00e3o associados a n\u00edveis de maturidade (Cerne 1, Cerne 2, Cerne 3 e Cerne 4). Cada n\u00edvel de maturidade representa um passo da incubadora em dire\u00e7\u00e3o \u00e0 melhoria cont\u00ednua.<\/p>\n","protected":false},"excerpt":{"rendered":"<p>As inscri\u00e7\u00f5es podem ser realizadas at\u00e9 o dia 26 de fevereiro. A rodada de capacita\u00e7\u00e3o do Cerne acontece entre 06 e 09 de mar\u00e7o. <\/p>\n","protected":false},"author":2,"featured_media":0,"comment_status":"open","ping_status":"open","sticky":false,"template":"","format":"standard","meta":{"footnotes":""},"categories":[6],"tags":[13,7,14,15],"class_list":["post-1148","post","type-post","status-publish","format-standard","hentry","category-sem-categoria","tag-canoas","tag-cerne","tag-rs","tag-sebrae"],"_links":{"self":[{"href":"https:\/\/anprotec.org.br\/cerne\/wp-json\/wp\/v2\/posts\/1148","targetHints":{"allow":["GET"]}}],"collection":[{"href":"https:\/\/anprotec.org.br\/cerne\/wp-json\/wp\/v2\/posts"}],"about":[{"href":"https:\/\/anprotec.org.br\/cerne\/wp-json\/wp\/v2\/types\/post"}],"author":[{"embeddable":true,"href":"https:\/\/anprotec.org.br\/cerne\/wp-json\/wp\/v2\/users\/2"}],"replies":[{"embeddable":true,"href":"https:\/\/anprotec.org.br\/cerne\/wp-json\/wp\/v2\/comments?post=1148"}],"version-history":[{"count":0,"href":"https:\/\/anprotec.org.br\/cerne\/wp-json\/wp\/v2\/posts\/1148\/revisions"}],"wp:attachment":[{"href":"https:\/\/anprotec.org.br\/cerne\/wp-json\/wp\/v2\/media?parent=1148"}],"wp:term":[{"taxonomy":"category","embeddable":true,"href":"https:\/\/anprotec.org.br\/cerne\/wp-json\/wp\/v2\/categories?post=1148"},{"taxonomy":"post_tag","embeddable":true,"href":"https:\/\/anprotec.org.br\/cerne\/wp-json\/wp\/v2\/tags?post=1148"}],"curies":[{"name":"wp","href":"https:\/\/api.w.org\/{rel}","templated":true}]}}