{"id":1147,"date":"2017-12-14T12:58:42","date_gmt":"2017-12-14T12:58:42","guid":{"rendered":"http:\/\/anprotec.org.br\/cerne\/?p=777"},"modified":"2017-12-14T12:58:42","modified_gmt":"2017-12-14T12:58:42","slug":"conheca-os-profissionais-credenciados-para-atuar-como-consultores-cerne-1-e-2","status":"publish","type":"post","link":"https:\/\/anprotec.org.br\/cerne\/conheca-os-profissionais-credenciados-para-atuar-como-consultores-cerne-1-e-2\/","title":{"rendered":"Conhe\u00e7a os profissionais credenciados para atuar como consultores Cerne 1 e 2"},"content":{"rendered":"<p style=\"text-align: justify;\"><a href=\"https:\/\/anprotec.org.br\/cerne-antigo\/wp-content\/uploads\/2017\/12\/check-and-cross-signs-paint-design_1102-228.jpg\"><img loading=\"lazy\" decoding=\"async\" class=\"alignleft size-thumbnail wp-image-779\" src=\"https:\/\/anprotec.org.br\/cerne-antigo\/wp-content\/uploads\/2017\/12\/check-and-cross-signs-paint-design_1102-228-150x150.jpg\" alt=\"check-and-cross-signs-paint-design_1102-228\" width=\"150\" height=\"150\" \/><\/a>A partir do\u00a0<a href=\"https:\/\/anprotec.org.br\/site\/wp-content\/uploads\/2017\/10\/1%C2%BA-Edital_Credenciamento_Consultores_Cerne-1-e-2_2017_VJUR.pdf\">processo realizado pelo Cerne<\/a>, 14 profissionais foram credenciados para a implanta\u00e7\u00e3o do Modelo Cerne, n\u00edveis de maturidade Cerne 1 e\/ou Cerne 2, para futuras atividades de consultoria em incubadoras de empresas localizadas no Brasil. Confira quem s\u00e3o esses profissionais e suas respectivas institui\u00e7\u00f5es e cidades de origem:<\/p>\n<p style=\"text-align: justify;\">\u2022 Ana Paula Assis Costa<\/p>\n<p style=\"text-align: justify;\">(GQS Inform\u00e1tica &#8211; Belo Horizonte &#8211; MG)<\/p>\n<p style=\"text-align: justify;\">\u2022 Celso Roberto Perez<\/p>\n<p style=\"text-align: justify;\">(Instituto Pernambucano de Pesquisa &#8211; Olinda &#8211; PE)<\/p>\n<p style=\"text-align: justify;\">\u2022 Charles Edsom Savaris<\/p>\n<p style=\"text-align: justify;\">(Valor e Foco Consultoria &#8211; Florian\u00f3polis &#8211; SC)<\/p>\n<p style=\"text-align: justify;\">\u2022 Evaristo Fernandes de Lima<\/p>\n<p style=\"text-align: justify;\">(EFL + FBL Consultoria &#8211; Porto Alegre &#8211; RS)<\/p>\n<p style=\"text-align: justify;\">\u2022 Flaviano Gast\u00e3o Junior<\/p>\n<p style=\"text-align: justify;\">(Azambuja &amp; Gast\u00e3o &#8211; Porto Alegre &#8211; RS)<\/p>\n<p style=\"text-align: justify;\">\u2022 Francis Berenger<\/p>\n<p style=\"text-align: justify;\">(Pantone 300 &#8211; Rio de Janeiro &#8211; RJ)<\/p>\n<p style=\"text-align: justify;\">\u2022 Iara Lucia Vaz Guedes<\/p>\n<p style=\"text-align: justify;\">(N\u00facleo de Estudos Brasileiros &#8211; Natal &#8211; RN)<\/p>\n<p style=\"text-align: justify;\">\u2022 Jocelita Cabral Palhano<\/p>\n<p style=\"text-align: justify;\">(Podium Consultoria &#8211; Bras\u00edlia &#8211; DF)<\/p>\n<p style=\"text-align: justify;\">\u2022 Luiz Antonio Buda<\/p>\n<p style=\"text-align: justify;\">(Engequali &#8211; Santa Rita do Sapuca\u00ed &#8211; MG)<\/p>\n<p style=\"text-align: justify;\">\u2022 Luiz Fenando Felipe Gelape<\/p>\n<p style=\"text-align: justify;\">(Gere Consultoria &#8211; Belo Horizonte &#8211; MG)<\/p>\n<p style=\"text-align: justify;\">\u2022 Mauricio Schneck<\/p>\n<p style=\"text-align: justify;\">(Schneck Consultoria &#8211; Recife &#8211; PE)<\/p>\n<p style=\"text-align: justify;\">\u2022 Reinaldo Igarashi<\/p>\n<p style=\"text-align: justify;\">(Igarashi Consultoria &#8211; Ribeir\u00e3o Preto &#8211; SP)<\/p>\n<p style=\"text-align: justify;\">\u2022 Valeria M\u00aa F. Cruz<\/p>\n<p style=\"text-align: justify;\">(Sert\u00e3o Verdadeiro &#8211; Natal &#8211; RN)<\/p>\n<p style=\"text-align: justify;\">\u2022 Victor Mabilia<\/p>\n<p style=\"text-align: justify;\">(Victor Mabilia &#8211; Porto Alegre &#8211; RS)<\/p>\n<p style=\"text-align: justify;\">O Cerne \u00e9 um modelo de gest\u00e3o criado pela Anprotec, em parceria com o Sebrae, que visa promover a melhoria dos resultados das incubadoras em termos quantitativos e qualitativos. Seu primeiro n\u00edvel de maturidade possui foco no empreendimento e a meta de gerar empresas inovadoras. O segundo concentra-se na pr\u00f3pria incubadora, na sua gest\u00e3o como organiza\u00e7\u00e3o.<\/p>\n<p style=\"text-align: justify;\">No processo de credenciamento, os profissionais assinam um Termo de Compromisso, Sigilo e Confidencialidade com as regras e condi\u00e7\u00f5es para execu\u00e7\u00e3o dos servi\u00e7os contratados. Os aprovados fazem parte do Cadastro de Avaliadores e Consultores Cerne e estar\u00e3o aptos a prestar servi\u00e7os quando houver demanda pelas incubadoras de empresas. A vig\u00eancia do credenciamento vai at\u00e9 28 de novembro de 2019.<\/p>\n","protected":false},"excerpt":{"rendered":"<p>No processo de credenciamento, os profissionais assinam um Termo de Compromisso, Sigilo e Confidencialidade com as regras e condi\u00e7\u00f5es para execu\u00e7\u00e3o dos servi\u00e7os contratados. Os aprovados fazem parte do Cadastro de Avaliadores e Consultores Cerne e estar\u00e3o aptos a prestar servi\u00e7os quando houver demanda pelas incubadoras de empresas. A vig\u00eancia do credenciamento vai at\u00e9 28 de novembro de 2019.<\/p>\n","protected":false},"author":2,"featured_media":0,"comment_status":"open","ping_status":"open","sticky":false,"template":"","format":"standard","meta":{"footnotes":""},"categories":[6],"tags":[7,11,12],"class_list":["post-1147","post","type-post","status-publish","format-standard","hentry","category-sem-categoria","tag-cerne","tag-consultoria","tag-credenciamento"],"_links":{"self":[{"href":"https:\/\/anprotec.org.br\/cerne\/wp-json\/wp\/v2\/posts\/1147","targetHints":{"allow":["GET"]}}],"collection":[{"href":"https:\/\/anprotec.org.br\/cerne\/wp-json\/wp\/v2\/posts"}],"about":[{"href":"https:\/\/anprotec.org.br\/cerne\/wp-json\/wp\/v2\/types\/post"}],"author":[{"embeddable":true,"href":"https:\/\/anprotec.org.br\/cerne\/wp-json\/wp\/v2\/users\/2"}],"replies":[{"embeddable":true,"href":"https:\/\/anprotec.org.br\/cerne\/wp-json\/wp\/v2\/comments?post=1147"}],"version-history":[{"count":0,"href":"https:\/\/anprotec.org.br\/cerne\/wp-json\/wp\/v2\/posts\/1147\/revisions"}],"wp:attachment":[{"href":"https:\/\/anprotec.org.br\/cerne\/wp-json\/wp\/v2\/media?parent=1147"}],"wp:term":[{"taxonomy":"category","embeddable":true,"href":"https:\/\/anprotec.org.br\/cerne\/wp-json\/wp\/v2\/categories?post=1147"},{"taxonomy":"post_tag","embeddable":true,"href":"https:\/\/anprotec.org.br\/cerne\/wp-json\/wp\/v2\/tags?post=1147"}],"curies":[{"name":"wp","href":"https:\/\/api.w.org\/{rel}","templated":true}]}}