{"id":1145,"date":"2017-12-01T14:15:05","date_gmt":"2017-12-01T14:15:05","guid":{"rendered":"http:\/\/anprotec.org.br\/cerne\/?p=750"},"modified":"2017-12-01T14:15:05","modified_gmt":"2017-12-01T14:15:05","slug":"lista-de-aprovados-para-atuar-como-consultores-cerne-1-e-2-e-divulgada","status":"publish","type":"post","link":"https:\/\/anprotec.org.br\/cerne\/lista-de-aprovados-para-atuar-como-consultores-cerne-1-e-2-e-divulgada\/","title":{"rendered":"Lista de aprovados para atuar como consultores Cerne 1 e 2 \u00e9 divulgada"},"content":{"rendered":"<p style=\"color: #000000;\"><img loading=\"lazy\" decoding=\"async\" class=\"alignleft size-thumbnail wp-image-21609\" src=\"https:\/\/anprotec.org.br\/site\/wp-content\/uploads\/2017\/11\/Cerne-01-01-1-270x160.jpg\" alt=\"Cerne-01-01\" width=\"270\" height=\"160\" \/>A Anprotec torna p\u00fablica a rela\u00e7\u00e3o de aprovados no\u00a0<a style=\"color: #ffb702;\" href=\"https:\/\/anprotec.org.br\/site\/wp-content\/uploads\/2017\/10\/1%C2%BA-Edital_Credenciamento_Consultores_Cerne-1-e-2_2017_VJUR.pdf\">I Edital de Credenciamento de Consultores Cerne 1 e 2 de 2017<\/a>.<\/p>\n<p style=\"color: #000000;\">Os profissionais credenciados para a implanta\u00e7\u00e3o do Modelo Cerne, n\u00edveis de maturidade Cerne 1 e\/ou Cerne 2, para futuras atividades de consultoria em incubadoras de empresas localizadas no Brasil.<\/p>\n<p style=\"color: #000000;\">Conhe\u00e7a os nomes dos profissionais aprovados:<\/p>\n<p style=\"color: #000000;\">\u2022 Ana Paula Assis Costa<br \/>\n\u2022 Celso Roberto Perez<br \/>\n\u2022 Charles Edsom Savaris<br \/>\n\u2022 Evaristo Fernandes de Lima<br \/>\n\u2022 Flaviano Gast\u00e3o Junior<br \/>\n\u2022 Francis Berenger<br \/>\n\u2022 Iara Lucia Vaz Guedes<br \/>\n\u2022 Jocelita Cabral Palhano<br \/>\n\u2022 Luiz Antonio Buda<br \/>\n\u2022 Luiz Fenando Felipe Gelape<br \/>\n\u2022 Mauricio Schneck<br \/>\n\u2022 Reinaldo Igarashi<br \/>\n\u2022 Valeria M\u00aa F. Cruz<br \/>\n\u2022 Victor Mabilia<\/p>\n<p style=\"color: #000000;\">O Cerne \u00e9 um modelo de gest\u00e3o criado pela Anprotec, em parceria com o Sebrae, que visa promover a melhoria dos resultados das incubadoras em termos quantitativos e qualitativos. Seu primeiro n\u00edvel de maturidade possui foco no empreendimento e a meta de gerar empresas inovadoras. O segundo concentra-se na pr\u00f3pria incubadora, na sua gest\u00e3o como organiza\u00e7\u00e3o.<\/p>\n<p style=\"color: #000000;\">O processo de credenciamento est\u00e1 organizado em cinco fases. A primeira delas foi voltada \u00e0 inscri\u00e7\u00e3o do consultor e da Pessoa Jur\u00eddica a que ele est\u00e1 vinculado. Em um segundo momento, foi avaliado o curr\u00edculo do profissional indicado. Na terceira etapa, aconteceu a avalia\u00e7\u00e3o oral de conhecimento sobre o Cerne 1 e\/ou Cerne 2. Agora que os nomes selecionados foram divulgados, o pr\u00f3ximo passo \u00e9 assinarem um Termo de Compromisso, Sigilo e Confidencialidade com as regras e condi\u00e7\u00f5es para execu\u00e7\u00e3o dos servi\u00e7os contratados.<\/p>\n<p style=\"color: #000000;\">Os aprovados far\u00e3o parte do Cadastro de Avaliadores e Consultores Cerne e estar\u00e3o aptos a prestar servi\u00e7os, quando houver demanda, pelas incubadoras de empresas localizadas no pa\u00eds.<\/p>\n","protected":false},"excerpt":{"rendered":"<p>A Anprotec torna p\u00fablica a rela\u00e7\u00e3o de aprovados no\u00a0I Edital de Credenciamento de Consultores Cerne 1 e 2 de 2017. Os profissionais credenciados para a implanta\u00e7\u00e3o do Modelo Cerne, n\u00edveis de maturidade Cerne 1 e\/ou Cerne 2, para futuras atividades de consultoria em incubadoras de empresas localizadas no Brasil. Conhe\u00e7a os nomes dos profissionais aprovados: &hellip;<\/p>\n<p class=\"read-more\"> <a class=\"\" href=\"https:\/\/anprotec.org.br\/cerne\/lista-de-aprovados-para-atuar-como-consultores-cerne-1-e-2-e-divulgada\/\"> <span class=\"screen-reader-text\">Lista de aprovados para atuar como consultores Cerne 1 e 2 \u00e9 divulgada<\/span> Leia mais &raquo;<\/a><\/p>\n","protected":false},"author":2,"featured_media":0,"comment_status":"open","ping_status":"open","sticky":false,"template":"","format":"standard","meta":{"footnotes":""},"categories":[6],"tags":[],"class_list":["post-1145","post","type-post","status-publish","format-standard","hentry","category-sem-categoria"],"_links":{"self":[{"href":"https:\/\/anprotec.org.br\/cerne\/wp-json\/wp\/v2\/posts\/1145","targetHints":{"allow":["GET"]}}],"collection":[{"href":"https:\/\/anprotec.org.br\/cerne\/wp-json\/wp\/v2\/posts"}],"about":[{"href":"https:\/\/anprotec.org.br\/cerne\/wp-json\/wp\/v2\/types\/post"}],"author":[{"embeddable":true,"href":"https:\/\/anprotec.org.br\/cerne\/wp-json\/wp\/v2\/users\/2"}],"replies":[{"embeddable":true,"href":"https:\/\/anprotec.org.br\/cerne\/wp-json\/wp\/v2\/comments?post=1145"}],"version-history":[{"count":0,"href":"https:\/\/anprotec.org.br\/cerne\/wp-json\/wp\/v2\/posts\/1145\/revisions"}],"wp:attachment":[{"href":"https:\/\/anprotec.org.br\/cerne\/wp-json\/wp\/v2\/media?parent=1145"}],"wp:term":[{"taxonomy":"category","embeddable":true,"href":"https:\/\/anprotec.org.br\/cerne\/wp-json\/wp\/v2\/categories?post=1145"},{"taxonomy":"post_tag","embeddable":true,"href":"https:\/\/anprotec.org.br\/cerne\/wp-json\/wp\/v2\/tags?post=1145"}],"curies":[{"name":"wp","href":"https:\/\/api.w.org\/{rel}","templated":true}]}}