{"id":1144,"date":"2017-12-01T14:11:31","date_gmt":"2017-12-01T14:11:31","guid":{"rendered":"http:\/\/anprotec.org.br\/cerne\/?p=745"},"modified":"2017-12-01T14:11:31","modified_gmt":"2017-12-01T14:11:31","slug":"confira-o-resultado-do-edital-de-recredenciamento-de-avaliadores-cerne","status":"publish","type":"post","link":"https:\/\/anprotec.org.br\/cerne\/confira-o-resultado-do-edital-de-recredenciamento-de-avaliadores-cerne\/","title":{"rendered":"Confira o resultado do Edital de Recredenciamento de Avaliadores Cerne"},"content":{"rendered":"<p style=\"color: #000000; text-align: justify;\"><img loading=\"lazy\" decoding=\"async\" class=\"alignleft size-thumbnail wp-image-21608\" src=\"https:\/\/anprotec.org.br\/site\/wp-content\/uploads\/2017\/11\/Cerne-01-01-270x160.jpg\" alt=\"Cerne-01-01\" width=\"270\" height=\"160\" \/>Os avaliadores recredenciados poder\u00e3o ser chamados a prestar servi\u00e7os, quando houver demanda, para avalia\u00e7\u00e3o de conformidade CERNE em incubadoras de empresas localizadas no Brasil.<\/p>\n<p style=\"color: #000000; text-align: justify;\">Ao todo, foram selecionados sete profissionais, que foram avaliados por uma equipe t\u00e9cnica da Anprotec.<\/p>\n<p style=\"color: #000000; text-align: justify;\">Veja a lista dos nomes dos profissionais que foram selecionados, o seu pode estar aqui:<\/p>\n<p style=\"color: #000000; text-align: justify;\">\n<p style=\"color: #000000;\">\u00b7\u00a0\u00a0\u00a0\u00a0\u00a0\u00a0\u00a0\u00a0 Claudia Lopes da Silva<\/p>\n<p style=\"color: #000000;\">\u00b7\u00a0\u00a0\u00a0\u00a0\u00a0\u00a0\u00a0\u00a0 Evaristo Fernandes Lima<\/p>\n<p style=\"color: #000000;\">\u00b7\u00a0\u00a0\u00a0\u00a0\u00a0\u00a0\u00a0\u00a0 Jose Antonio Alves Pereira<\/p>\n<p style=\"color: #000000;\">\u00b7\u00a0\u00a0\u00a0\u00a0\u00a0\u00a0\u00a0\u00a0 Lidiane Samora de Araujo<\/p>\n<p style=\"color: #000000;\">\u00b7\u00a0\u00a0\u00a0\u00a0\u00a0\u00a0\u00a0\u00a0 Maur\u00edcio Schneck<\/p>\n<p style=\"color: #000000;\">\u00b7\u00a0\u00a0\u00a0\u00a0\u00a0\u00a0\u00a0\u00a0 Rodrigo Martins dos Santos<\/p>\n<p style=\"color: #000000;\">\u00b7\u00a0\u00a0\u00a0\u00a0\u00a0\u00a0\u00a0\u00a0 Tania de Almeida Macriani<\/p>\n<p style=\"color: #000000;\">A Anprotec entrar\u00e1 em contato com os aprovados para informa\u00e7\u00f5es sobre a assinatura dos termos de compromissos.<\/p>\n<p style=\"color: #000000;\"><a style=\"color: #ffb702;\" href=\"https:\/\/anprotec.org.br\/cerne-antigo\/wp-content\/uploads\/2017\/11\/Edital-de-Recredenciamento-de-Avaliadores-Cerne-2017.pdf\">https:\/\/anprotec.org.br\/cerne-antigo\/wp-content\/uploads\/2017\/11\/Edital-de-Recredenciamento-de-Avaliadores-Cerne-2017.pdf<\/a><\/p>\n","protected":false},"excerpt":{"rendered":"<p>Os avaliadores recredenciados poder\u00e3o ser chamados a prestar servi\u00e7os, quando houver demanda, para avalia\u00e7\u00e3o de conformidade CERNE em incubadoras de empresas localizadas no Brasil. Ao todo, foram selecionados sete profissionais, que foram avaliados por uma equipe t\u00e9cnica da Anprotec. Veja a lista dos nomes dos profissionais que foram selecionados, o seu pode estar aqui: \u00b7\u00a0\u00a0\u00a0\u00a0\u00a0\u00a0\u00a0\u00a0 &hellip;<\/p>\n<p class=\"read-more\"> <a class=\"\" href=\"https:\/\/anprotec.org.br\/cerne\/confira-o-resultado-do-edital-de-recredenciamento-de-avaliadores-cerne\/\"> <span class=\"screen-reader-text\">Confira o resultado do Edital de Recredenciamento de Avaliadores Cerne<\/span> Leia mais &raquo;<\/a><\/p>\n","protected":false},"author":2,"featured_media":0,"comment_status":"open","ping_status":"open","sticky":false,"template":"","format":"standard","meta":{"footnotes":""},"categories":[6],"tags":[],"class_list":["post-1144","post","type-post","status-publish","format-standard","hentry","category-sem-categoria"],"_links":{"self":[{"href":"https:\/\/anprotec.org.br\/cerne\/wp-json\/wp\/v2\/posts\/1144","targetHints":{"allow":["GET"]}}],"collection":[{"href":"https:\/\/anprotec.org.br\/cerne\/wp-json\/wp\/v2\/posts"}],"about":[{"href":"https:\/\/anprotec.org.br\/cerne\/wp-json\/wp\/v2\/types\/post"}],"author":[{"embeddable":true,"href":"https:\/\/anprotec.org.br\/cerne\/wp-json\/wp\/v2\/users\/2"}],"replies":[{"embeddable":true,"href":"https:\/\/anprotec.org.br\/cerne\/wp-json\/wp\/v2\/comments?post=1144"}],"version-history":[{"count":0,"href":"https:\/\/anprotec.org.br\/cerne\/wp-json\/wp\/v2\/posts\/1144\/revisions"}],"wp:attachment":[{"href":"https:\/\/anprotec.org.br\/cerne\/wp-json\/wp\/v2\/media?parent=1144"}],"wp:term":[{"taxonomy":"category","embeddable":true,"href":"https:\/\/anprotec.org.br\/cerne\/wp-json\/wp\/v2\/categories?post=1144"},{"taxonomy":"post_tag","embeddable":true,"href":"https:\/\/anprotec.org.br\/cerne\/wp-json\/wp\/v2\/tags?post=1144"}],"curies":[{"name":"wp","href":"https:\/\/api.w.org\/{rel}","templated":true}]}}