{"id":1143,"date":"2017-12-01T14:09:56","date_gmt":"2017-12-01T14:09:56","guid":{"rendered":"http:\/\/anprotec.org.br\/cerne\/?p=743"},"modified":"2017-12-01T14:09:56","modified_gmt":"2017-12-01T14:09:56","slug":"divulgada-a-relacao-das-empresas-com-softwares-qualificados","status":"publish","type":"post","link":"https:\/\/anprotec.org.br\/cerne\/divulgada-a-relacao-das-empresas-com-softwares-qualificados\/","title":{"rendered":"Divulgada a rela\u00e7\u00e3o das empresas com softwares qualificados"},"content":{"rendered":"<p style=\"color: #000000; text-align: justify;\"><img loading=\"lazy\" decoding=\"async\" class=\"alignleft size-thumbnail wp-image-21290\" src=\"https:\/\/anprotec.org.br\/site\/wp-content\/uploads\/2017\/11\/Captura-de-Tela-2017-11-08-%C3%A0s-21.08.32-270x160.png\" alt=\"Captura de Tela 2017-11-08 \u00e0s 21.08.32\" width=\"270\" height=\"160\" \/>Estiveram abertas at\u00e9 o \u00faltimo dia 31\/10, as inscri\u00e7\u00f5es para homologa\u00e7\u00e3o de software de gest\u00e3o de incubadoras focados na implanta\u00e7\u00e3o e manuten\u00e7\u00e3o das pr\u00e1ticas-chave do Cerne 1 e Cerne 2. O resultado desta fase foi conclu\u00eddo.<\/p>\n<p style=\"color: #000000; text-align: justify;\">Nesta etapa, as pessoas jur\u00eddicas, cujos softwares foram considerados qualificados na fase de Avalia\u00e7\u00e3o Preliminar, ser\u00e3o questionadas, pela equipe t\u00e9cnica da ANPROTEC, sobre as funcionalidades do software e seu suporte \u00e0 implanta\u00e7\u00e3o dos processos e pr\u00e1ticas-chave do CERNE 1 e\/ou CERNE 2.<\/p>\n<p style=\"color: #000000; text-align: justify;\">Essa avalia\u00e7\u00e3o ter\u00e1 as seguintes caracter\u00edsticas e etapas: 7.1. Esta etapa ocorrer\u00e1 virtualmente, por meio de videoconfer\u00eancia, em data e hora a serem definidos pela ANPROTEC com anteced\u00eancia m\u00ednima de 1 (uma) semana. 7.2. Cada pessoa jur\u00eddica receber\u00e1 uma comunica\u00e7\u00e3o por e-mail com a data e hor\u00e1rio da Avalia\u00e7\u00e3o T\u00e9cnica. Esta informa\u00e7\u00e3o ser\u00e1 igualmente publicada no site da ANPROTEC. 7.3.<\/p>\n<p style=\"color: #000000; text-align: justify;\">Na hora e local definidos, cada pessoa jur\u00eddica ter\u00e1 30 (trinta) minutos para apresentar o software, destacando as principais funcionalidades que facilitam a implanta\u00e7\u00e3o das pr\u00e1ticas-chave do CERNE em uma incubadora de empresas. Ap\u00f3s essa apresenta\u00e7\u00e3o, o representante da empresa ser\u00e1 arguido pela equipe t\u00e9cnica constitu\u00edda pela ANPROTEC. 7.4.<\/p>\n<p style=\"color: #000000; text-align: justify;\">Ser\u00e3o considerados para avalia\u00e7\u00e3o, os crit\u00e9rios expostos no item 9 deste edital, Quadro 9.2. Os softwares que alcan\u00e7arem a pontua\u00e7\u00e3o igual ou superior a 8 (oito) estar\u00e3o aptos a seguir para a Fase 4. Par\u00e1grafo \u00fanico: A n\u00e3o participa\u00e7\u00e3o da pessoa jur\u00eddica, cujo software foi considerado qualificado na fase de Avalia\u00e7\u00e3o T\u00e9cnica, na data e hora especificadas, implica em sua imediata desclassifica\u00e7\u00e3o, sem possibilidades de solicita\u00e7\u00e3o de outra data.<\/p>\n<p style=\"color: #000000; text-align: justify;\">As organiza\u00e7\u00f5es que tiverem seus softwares homologados assinar\u00e3o, em dezembro, um Termo de Compromisso com a Anprotec, para a execu\u00e7\u00e3o dos servi\u00e7os contratados, e receber\u00e3o um certificado de homologa\u00e7\u00e3o com validade de 24 meses.<\/p>\n<p style=\"color: #000000; text-align: justify;\">A homologa\u00e7\u00e3o do software n\u00e3o garante a contrata\u00e7\u00e3o dos servi\u00e7os, por\u00e9m, credencia os mesmos para as incubadoras interessadas contratarem diretamente com as empresas cujos softwares forem homologados.<\/p>\n<p style=\"color: #000000;\">Confira a seguir a rela\u00e7\u00e3o das empresas aprovadas:<\/p>\n<p style=\"color: #000000;\"><b>1)\u00a0 Pantone300 Sistemas LTDA\u2013 ME<\/b><\/p>\n<p style=\"color: #000000;\"><b>2) \u00a0Stratusweb Design e Projetos Ltda<\/b><\/p>\n<p style=\"color: #000000;\">Para eventuais d\u00favidas, acesse:<\/p>\n<p style=\"color: #000000;\"><a style=\"color: #ffb702;\" href=\"https:\/\/anprotec.org.br\/site\/2017\/10\/anprotec-lanca-tres-editais-no-ambito-do-modelo-cerne\/\">Cerne lan\u00e7a editais com inscri\u00e7\u00f5es at\u00e9 o dia 31 de outubro<\/a><\/p>\n","protected":false},"excerpt":{"rendered":"<p>Estiveram abertas at\u00e9 o \u00faltimo dia 31\/10, as inscri\u00e7\u00f5es para homologa\u00e7\u00e3o de software de gest\u00e3o de incubadoras focados na implanta\u00e7\u00e3o e manuten\u00e7\u00e3o das pr\u00e1ticas-chave do Cerne 1 e Cerne 2. O resultado desta fase foi conclu\u00eddo. Nesta etapa, as pessoas jur\u00eddicas, cujos softwares foram considerados qualificados na fase de Avalia\u00e7\u00e3o Preliminar, ser\u00e3o questionadas, pela equipe &hellip;<\/p>\n<p class=\"read-more\"> <a class=\"\" href=\"https:\/\/anprotec.org.br\/cerne\/divulgada-a-relacao-das-empresas-com-softwares-qualificados\/\"> <span class=\"screen-reader-text\">Divulgada a rela\u00e7\u00e3o das empresas com softwares qualificados<\/span> Leia mais &raquo;<\/a><\/p>\n","protected":false},"author":2,"featured_media":0,"comment_status":"open","ping_status":"open","sticky":false,"template":"","format":"standard","meta":{"footnotes":""},"categories":[6],"tags":[],"class_list":["post-1143","post","type-post","status-publish","format-standard","hentry","category-sem-categoria"],"_links":{"self":[{"href":"https:\/\/anprotec.org.br\/cerne\/wp-json\/wp\/v2\/posts\/1143","targetHints":{"allow":["GET"]}}],"collection":[{"href":"https:\/\/anprotec.org.br\/cerne\/wp-json\/wp\/v2\/posts"}],"about":[{"href":"https:\/\/anprotec.org.br\/cerne\/wp-json\/wp\/v2\/types\/post"}],"author":[{"embeddable":true,"href":"https:\/\/anprotec.org.br\/cerne\/wp-json\/wp\/v2\/users\/2"}],"replies":[{"embeddable":true,"href":"https:\/\/anprotec.org.br\/cerne\/wp-json\/wp\/v2\/comments?post=1143"}],"version-history":[{"count":0,"href":"https:\/\/anprotec.org.br\/cerne\/wp-json\/wp\/v2\/posts\/1143\/revisions"}],"wp:attachment":[{"href":"https:\/\/anprotec.org.br\/cerne\/wp-json\/wp\/v2\/media?parent=1143"}],"wp:term":[{"taxonomy":"category","embeddable":true,"href":"https:\/\/anprotec.org.br\/cerne\/wp-json\/wp\/v2\/categories?post=1143"},{"taxonomy":"post_tag","embeddable":true,"href":"https:\/\/anprotec.org.br\/cerne\/wp-json\/wp\/v2\/tags?post=1143"}],"curies":[{"name":"wp","href":"https:\/\/api.w.org\/{rel}","templated":true}]}}