{"id":1141,"date":"2017-11-01T17:27:44","date_gmt":"2017-11-01T17:27:44","guid":{"rendered":"http:\/\/anprotec.org.br\/cerne\/?p=722"},"modified":"2017-11-01T17:27:44","modified_gmt":"2017-11-01T17:27:44","slug":"cerne-lanca-edital-para-recredenciamento-de-avaliadores","status":"publish","type":"post","link":"https:\/\/anprotec.org.br\/cerne\/cerne-lanca-edital-para-recredenciamento-de-avaliadores\/","title":{"rendered":"Cerne lan\u00e7a edital para recredenciamento de Avaliadores"},"content":{"rendered":"<p style=\"text-align: left;\"><a href=\"https:\/\/anprotec.org.br\/cerne-antigo\/wp-content\/uploads\/2017\/07\/LogoCERNE_peq.jpg\"><img loading=\"lazy\" decoding=\"async\" class=\"alignleft size-thumbnail wp-image-704\" src=\"https:\/\/anprotec.org.br\/cerne-antigo\/wp-content\/uploads\/2017\/07\/LogoCERNE_peq-150x150.jpg\" alt=\"LogoCERNE_peq\" width=\"150\" height=\"150\" \/><\/a><span style=\"color: #000000;\">Est\u00e3o abertas at\u00e9 o dia 13 de novembro as inscri\u00e7\u00f5es para profissionais interessados em realizar seu recredenciamento como avaliadores Cerne. Ao fim de todo o processo seletivo, os aprovados ir\u00e3o compor novamente o Cadastro de Avaliadores Cerne, que ficar\u00e1 dispon\u00edvel para consulta e contrata\u00e7\u00e3o direta pelo Instituto Becker, respons\u00e1vel pela certifica\u00e7\u00e3o Cerne.<\/span><\/p>\n<p><span style=\"color: #000000;\">Os avaliadores recredenciados poder\u00e3o ser chamados a prestar servi\u00e7os, quando houver demanda, para avalia\u00e7\u00e3o de conformidade CERNE em incubadoras de empresas localizadas no Brasil.<\/span><\/p>\n<p><span style=\"color: #000000;\">Poder\u00e3o participar desta chamada somente profissionais avaliadores Cerne, j\u00e1 credenciados anteriormente atrav\u00e9s de outros editais e cujo credenciamento encontra-se expirado. Al\u00e9m, claro, do cumprimento de todas as fases previstas no instrumento que regula esse processo de sele\u00e7\u00e3o.<\/span><\/p>\n<p style=\"text-align: left;\"><span style=\"color: #000000;\">Tamb\u00e9m \u00e9 necess\u00e1rio que os profissionais estejam vinculados \u00e0 pessoa jur\u00eddica e cumpram todas as fases previstas neste edital. Al\u00e9m da\u00a0ficha de inscri\u00e7\u00e3o\u00a0preenchida, os candidatos devem enviar curr\u00edculo atualizado (em formato PDF), documenta\u00e7\u00e3o de identifica\u00e7\u00e3o de pessoa jur\u00eddica e comprovante de pagamento da taxa de inscri\u00e7\u00e3o, para:\u00a0<a href=\"mailto:cerne@anprotec.org.br\">cerne@anprotec.org.br<\/a><\/span><\/p>\n<p style=\"text-align: left;\"><span style=\"color: #000000;\">Acesse aqui o\u00a0<a href=\"https:\/\/anprotec.org.br\/cerne-antigo\/wp-content\/uploads\/2017\/11\/Edital-de-Recredenciamento-de-Avaliadores-Cerne-2017.pdf\">Edital<\/a><\/span><\/p>\n<p style=\"text-align: left;\"><span style=\"color: #000000;\">Credenciamento de Avaliadores Cerne\u00a0<a href=\"https:\/\/anprotec.org.br\/cerne-antigo\/wp-content\/uploads\/2017\/11\/Ficha_Inscricao_Credenciamento_Avaliadores_Cerne_2017_VJUR.doc\">Ficha de Inscri\u00e7\u00e3o<\/a><\/span><\/p>\n","protected":false},"excerpt":{"rendered":"<p>Est\u00e3o abertas at\u00e9 o dia 13 de novembro as inscri\u00e7\u00f5es para profissionais interessados em realizar seu recredenciamento como avaliadores Cerne. Ao fim de todo o processo seletivo, os aprovados ir\u00e3o compor novamente o Cadastro de Avaliadores Cerne, que ficar\u00e1 dispon\u00edvel para consulta e contrata\u00e7\u00e3o direta pelo Instituto Becker, respons\u00e1vel pela certifica\u00e7\u00e3o Cerne. Os avaliadores recredenciados &hellip;<\/p>\n<p class=\"read-more\"> <a class=\"\" href=\"https:\/\/anprotec.org.br\/cerne\/cerne-lanca-edital-para-recredenciamento-de-avaliadores\/\"> <span class=\"screen-reader-text\">Cerne lan\u00e7a edital para recredenciamento de Avaliadores<\/span> Leia mais &raquo;<\/a><\/p>\n","protected":false},"author":2,"featured_media":704,"comment_status":"open","ping_status":"open","sticky":false,"template":"","format":"standard","meta":{"footnotes":""},"categories":[6],"tags":[],"class_list":["post-1141","post","type-post","status-publish","format-standard","has-post-thumbnail","hentry","category-sem-categoria"],"_links":{"self":[{"href":"https:\/\/anprotec.org.br\/cerne\/wp-json\/wp\/v2\/posts\/1141","targetHints":{"allow":["GET"]}}],"collection":[{"href":"https:\/\/anprotec.org.br\/cerne\/wp-json\/wp\/v2\/posts"}],"about":[{"href":"https:\/\/anprotec.org.br\/cerne\/wp-json\/wp\/v2\/types\/post"}],"author":[{"embeddable":true,"href":"https:\/\/anprotec.org.br\/cerne\/wp-json\/wp\/v2\/users\/2"}],"replies":[{"embeddable":true,"href":"https:\/\/anprotec.org.br\/cerne\/wp-json\/wp\/v2\/comments?post=1141"}],"version-history":[{"count":0,"href":"https:\/\/anprotec.org.br\/cerne\/wp-json\/wp\/v2\/posts\/1141\/revisions"}],"wp:featuredmedia":[{"embeddable":true,"href":"https:\/\/anprotec.org.br\/cerne\/wp-json\/"}],"wp:attachment":[{"href":"https:\/\/anprotec.org.br\/cerne\/wp-json\/wp\/v2\/media?parent=1141"}],"wp:term":[{"taxonomy":"category","embeddable":true,"href":"https:\/\/anprotec.org.br\/cerne\/wp-json\/wp\/v2\/categories?post=1141"},{"taxonomy":"post_tag","embeddable":true,"href":"https:\/\/anprotec.org.br\/cerne\/wp-json\/wp\/v2\/tags?post=1141"}],"curies":[{"name":"wp","href":"https:\/\/api.w.org\/{rel}","templated":true}]}}