{"id":1140,"date":"2017-10-18T22:10:23","date_gmt":"2017-10-18T22:10:23","guid":{"rendered":"http:\/\/anprotec.org.br\/cerne\/?p=713"},"modified":"2017-10-18T22:10:23","modified_gmt":"2017-10-18T22:10:23","slug":"cerne-lanca-tres-editais-com-inscricoes-ate-o-dia-31-de-outubro","status":"publish","type":"post","link":"https:\/\/anprotec.org.br\/cerne\/cerne-lanca-tres-editais-com-inscricoes-ate-o-dia-31-de-outubro\/","title":{"rendered":"Cerne lan\u00e7a editais com inscri\u00e7\u00f5es at\u00e9 o dia 31 de outubro"},"content":{"rendered":"<p>Est\u00e3o abertas at\u00e9 o dia 31 de outubro as inscri\u00e7\u00f5es para profissionais interessados em atuar como\u00a0avaliadores\u00a0e consultores Cerne 1 e 2. Ao fim de todo o processo seletivo, os aprovados far\u00e3o parte do Cadastro de Avaliadores e Consultores Cerne e estar\u00e3o aptos a prestar servi\u00e7os, quando houver demanda, pelas incubadoras de empresas localizadas no Brasil.<\/p>\n<p>Para participar, \u00e9 necess\u00e1rio que os profissionais estejam vinculados \u00e0 pessoa jur\u00eddica e cumpram todas as fases previstas nos Editais que regulam esses processos de sele\u00e7\u00e3o. Al\u00e9m da\u00a0ficha de inscri\u00e7\u00e3o\u00a0preenchida, os candidatos devem enviar curr\u00edculo (em formato PDF), atestados de capacidade t\u00e9cnica e comprovante de pagamento da taxa de inscri\u00e7\u00e3o. \u00a0Poder\u00e3o ser credenciados, al\u00e9m de novos profissionais, aqueles j\u00e1 credenciados em outros editais e cujo credenciamento est\u00e1 fora de vig\u00eancia.<\/p>\n<p><strong>Homologa\u00e7\u00e3o de software de gest\u00e3o de incubadoras<\/strong><\/p>\n<p>Tamb\u00e9m encontram-se abertas as inscri\u00e7\u00f5es para homologa\u00e7\u00e3o de software de gest\u00e3o de incubadoras focados na implanta\u00e7\u00e3o e manuten\u00e7\u00e3o das pr\u00e1ticas-chave do Cerne 1 e Cerne 2. As organiza\u00e7\u00f5es que tiverem seus softwares homologados assinar\u00e3o, em dezembro deste ano, um Termo de Compromisso com a Anprotec, garantindo a homologa\u00e7\u00e3o dos softwares desenvolvidos atrav\u00e9s de certificado, com validade de 24 meses.<\/p>\n<p>A homologa\u00e7\u00e3o do software n\u00e3o garante a contrata\u00e7\u00e3o dos servi\u00e7os, por\u00e9m, credencia os mesmos para as incubadoras interessadas contratarem diretamente com as empresas cujos softwares forem homologados.<\/p>\n<p>&#8212;<\/p>\n<p>Homologa\u00e7\u00e3o de softwares de gest\u00e3o de incubadoras com foco na implanta\u00e7\u00e3o do Cerne 1 e 2 &#8211;\u00a0<a href=\"https:\/\/anprotec.org.br\/site\/wp-content\/uploads\/2017\/10\/1\u00ba-Edital-de-Homologac\u0327a\u0303o-de-Software_CERNE-1-e-2-Versa\u0303o_Juridico.pdf\" target=\"_blank\" rel=\"noopener\">Edital<\/a><\/p>\n<p>Anexo 1 &#8211;\u00a0<a href=\"https:\/\/anprotec.org.br\/site\/wp-content\/uploads\/2017\/10\/1\u00ba-Edital-de-Homologac\u0327a\u0303o-de-Software-CERNE-1-e-2-Anexo-1.pdf\" target=\"_blank\" rel=\"noopener\">Descritivo do software<\/a><\/p>\n<p>Anexo 2 &#8211;\u00a0<a href=\"https:\/\/anprotec.org.br\/site\/wp-content\/uploads\/2017\/10\/1\u00ba-Edital-de-Homologac\u0327a\u0303o-de-Software-CERNE-1-e-2-Anexo-2.pdf\" target=\"_blank\" rel=\"noopener\">Informa\u00e7\u00f5es de acesso<\/a><\/p>\n<p>Anexo 3 &#8211;\u00a0<a href=\"https:\/\/anprotec.org.br\/site\/wp-content\/uploads\/2017\/10\/1\u00ba-Edital-Homologac\u0327a\u0303o-Software-CERNE-1e2-2017-Ficha-de-Inscric\u0327a\u0303o-Anexo-3.doc\" target=\"_blank\" rel=\"noopener\">Ficha de inscri\u00e7\u00e3o<\/a><\/p>\n<p>&#8212;<\/p>\n<p>Credenciamento de consultores Cerne 1 e 2 &#8211;\u00a0<a href=\"https:\/\/anprotec.org.br\/site\/wp-content\/uploads\/2017\/10\/1\u00ba-Edital_Credenciamento_Consultores_Cerne-1-e-2_2017_VJUR.pdf\" target=\"_blank\" rel=\"noopener\">Edital<\/a><\/p>\n<p>Credenciamento de consultores Cerne 1 e 2 &#8211; Anexo 1:\u00a0<a href=\"https:\/\/anprotec.org.br\/site\/wp-content\/uploads\/2017\/10\/Ficha_Inscric\u0327a\u0303o_1\u00ba-Edital_Credenciamento_Consultores_2017_VJUR.doc\" target=\"_blank\" rel=\"noopener\">Ficha de inscri\u00e7\u00e3o<\/a><\/p>\n<p>&#8212;<\/p>\n<p><strong>Cronograma &#8211;\u00a0Homologa\u00e7\u00e3o de softwares de gest\u00e3o de incubadoras com foco na implanta\u00e7\u00e3o do Cerne 1 e 2<\/strong><\/p>\n<p><img loading=\"lazy\" decoding=\"async\" class=\"alignleft size-full wp-image-20706\" src=\"https:\/\/anprotec.org.br\/site\/wp-content\/uploads\/2017\/10\/tabela-1.jpg\" alt=\"tabela 1\" width=\"550\" height=\"199\" \/><\/p>\n<p>&nbsp;<\/p>\n<p>&nbsp;<\/p>\n<p>&nbsp;<\/p>\n<p>&nbsp;<\/p>\n<p>&nbsp;<\/p>\n<p>&nbsp;<\/p>\n<p>&nbsp;<\/p>\n<p><strong>Cronograma &#8211; Credenciamento de avaliadores Cerne 1 e 2<\/strong><\/p>\n<p><img loading=\"lazy\" decoding=\"async\" class=\"alignleft size-full wp-image-20708\" src=\"https:\/\/anprotec.org.br\/site\/wp-content\/uploads\/2017\/10\/tabela-2.jpg\" alt=\"tabela 2\" width=\"549\" height=\"155\" \/><\/p>\n<p>&nbsp;<\/p>\n<p>&nbsp;<\/p>\n<p>&nbsp;<\/p>\n<p>&nbsp;<\/p>\n<p>&nbsp;<\/p>\n<p><strong>Cronograma &#8211; Credenciamento de\u00a0consultores Cerne 1 e 2<\/strong><\/p>\n<p><img loading=\"lazy\" decoding=\"async\" class=\"alignleft size-full wp-image-20709\" src=\"https:\/\/anprotec.org.br\/site\/wp-content\/uploads\/2017\/10\/tabela-3.jpg\" alt=\"tabela 3\" width=\"550\" height=\"139\" \/><\/p>\n<p>&nbsp;<\/p>\n<p>&nbsp;<\/p>\n<p>&nbsp;<\/p>\n<p>&nbsp;<\/p>\n<p>&nbsp;<\/p>\n<p><strong>O Cerne<\/strong><\/p>\n<p>O Cerne \u00e9 um modelo de gest\u00e3o criado pela Anprotec, em parceria com o Sebrae, que visa promover a melhoria dos resultados das incubadoras em termos quantitativos e qualitativos. A metodologia foi criada com inspira\u00e7\u00e3o em programas de apoio a micro e pequenas empresas americanas e europeias.<\/p>\n<p>O modelo possui quatro n\u00edveis de maturidade: o primeiro n\u00edvel possui foco no empreendimento e a meta de gerar empresas inovadoras. O segundo concentra-se na pr\u00f3pria incubadora, na sua gest\u00e3o como organiza\u00e7\u00e3o. O terceiro enfoca as redes de relacionamento e o quarto a melhoria cont\u00ednua da estrutura implantada.<\/p>\n","protected":false},"excerpt":{"rendered":"<p>Est\u00e3o abertas at\u00e9 o dia 31 de outubro as inscri\u00e7\u00f5es para profissionais interessados em atuar como\u00a0avaliadores\u00a0e consultores Cerne 1 e 2. Ao fim de todo o processo seletivo, os aprovados far\u00e3o parte do Cadastro de Avaliadores e Consultores Cerne e estar\u00e3o aptos a prestar servi\u00e7os, quando houver demanda, pelas incubadoras de empresas localizadas no Brasil. &hellip;<\/p>\n<p class=\"read-more\"> <a class=\"\" href=\"https:\/\/anprotec.org.br\/cerne\/cerne-lanca-tres-editais-com-inscricoes-ate-o-dia-31-de-outubro\/\"> <span class=\"screen-reader-text\">Cerne lan\u00e7a editais com inscri\u00e7\u00f5es at\u00e9 o dia 31 de outubro<\/span> Leia mais &raquo;<\/a><\/p>\n","protected":false},"author":2,"featured_media":0,"comment_status":"open","ping_status":"open","sticky":false,"template":"","format":"standard","meta":{"footnotes":""},"categories":[6],"tags":[],"class_list":["post-1140","post","type-post","status-publish","format-standard","hentry","category-sem-categoria"],"_links":{"self":[{"href":"https:\/\/anprotec.org.br\/cerne\/wp-json\/wp\/v2\/posts\/1140","targetHints":{"allow":["GET"]}}],"collection":[{"href":"https:\/\/anprotec.org.br\/cerne\/wp-json\/wp\/v2\/posts"}],"about":[{"href":"https:\/\/anprotec.org.br\/cerne\/wp-json\/wp\/v2\/types\/post"}],"author":[{"embeddable":true,"href":"https:\/\/anprotec.org.br\/cerne\/wp-json\/wp\/v2\/users\/2"}],"replies":[{"embeddable":true,"href":"https:\/\/anprotec.org.br\/cerne\/wp-json\/wp\/v2\/comments?post=1140"}],"version-history":[{"count":0,"href":"https:\/\/anprotec.org.br\/cerne\/wp-json\/wp\/v2\/posts\/1140\/revisions"}],"wp:attachment":[{"href":"https:\/\/anprotec.org.br\/cerne\/wp-json\/wp\/v2\/media?parent=1140"}],"wp:term":[{"taxonomy":"category","embeddable":true,"href":"https:\/\/anprotec.org.br\/cerne\/wp-json\/wp\/v2\/categories?post=1140"},{"taxonomy":"post_tag","embeddable":true,"href":"https:\/\/anprotec.org.br\/cerne\/wp-json\/wp\/v2\/tags?post=1140"}],"curies":[{"name":"wp","href":"https:\/\/api.w.org\/{rel}","templated":true}]}}