{"id":1139,"date":"2017-09-05T13:19:17","date_gmt":"2017-09-05T13:19:17","guid":{"rendered":"http:\/\/anprotec.org.br\/cerne\/?p=708"},"modified":"2017-09-05T13:19:17","modified_gmt":"2017-09-05T13:19:17","slug":"anprotec-promove-capacitacao-cerne-em-curitiba","status":"publish","type":"post","link":"https:\/\/anprotec.org.br\/cerne\/anprotec-promove-capacitacao-cerne-em-curitiba\/","title":{"rendered":"Anprotec promove capacita\u00e7\u00e3o Cerne em Curitiba"},"content":{"rendered":"<p style=\"color: #000000;\"><a href=\"https:\/\/anprotec.org.br\/cerne-antigo\/wp-content\/uploads\/2016\/11\/cerne-2.jpg\"><img loading=\"lazy\" decoding=\"async\" class=\"alignleft size-thumbnail wp-image-681\" src=\"https:\/\/anprotec.org.br\/cerne-antigo\/wp-content\/uploads\/2016\/11\/cerne-2-150x150.jpg\" alt=\"cerne-2\" width=\"150\" height=\"150\" \/><\/a>Entre os dias 26 e 29 de setembro, a Anprotec, em parceria com o Sebrae, realizar\u00e1 uma rodada de capacita\u00e7\u00e3o do Cerne\u00a0\u2013 Centro de Refer\u00eancia para Apoio a Novos Empreendimentos \u2013, em Curitiba, PR. A organiza\u00e7\u00e3o local ser\u00e1 realizada pela Reinova.<\/p>\n<p style=\"color: #000000;\">Nos dias 26 e 27, ser\u00e1 realizado o Workshop de Nivelamento e o Curso de Implanta\u00e7\u00e3o Cerne 1, focado no desenvolvimento de\u00a0empreendimentos. J\u00e1 os dias 28 e 29, ser\u00e3o destinados \u00e0queles que participaram da primeira etapa da capacita\u00e7\u00e3o\u00a0\u2013 o curso do Cerne 1 \u00e9 pr\u00e9-requisito neste caso \u2013 e que estar\u00e3o aptos ao Curso de Implanta\u00e7\u00e3o Cerne 2 \u2013 segundo est\u00e1gio de aplica\u00e7\u00e3o do modelo, focado em gest\u00e3o organizacional.<\/p>\n<p style=\"color: #000000;\">As inscri\u00e7\u00f5es ser\u00e3o encerradas no dia 18 de setembro e os valores variam. Para realiza\u00e7\u00e3o do Curso de Implanta\u00e7\u00e3o Cerne 1, o investimento \u00e9 de R$ 480,00; para o Curso 2, R$ 440,00. J\u00e1 para participar dos\u00a0dois cursos, o valor total fica em R$ 920,00.<\/p>\n<p style=\"color: #000000;\">Para se inscrever, basta preencher e enviar\u00a0<a style=\"color: #ffb702;\" href=\"https:\/\/docs.google.com\/document\/d\/19cY1f5LGitenkj_0UHkl-c2OuPdw1w3ez3OcPP8Jkow\/edit?usp=sharing\" target=\"_blank\" rel=\"noopener\">este formul\u00e1rio<\/a>\u00a0ao e-mail\u00a0<a style=\"color: #ffb702;\" href=\"mailto:atendimento@anprotec.org.br\">atendimento@anprotec.org.br<\/a>.<\/p>\n<p style=\"color: #000000;\"><strong>Hor\u00e1rios das capacita\u00e7\u00f5es:<\/strong><\/p>\n<p style=\"color: #000000;\">26\/09 \u2013 Cerne 1: 9h \u00e0s 18h<br \/>\n27\/09 \u2013 Cerne 1: 8h30 \u00e0s 18h<br \/>\n28\/09 \u2013 Cerne 2: 8h30 \u00e0s 18h<br \/>\n29\/09 \u2013 Cerne 2: 8h30 \u00e0s 12h<\/p>\n<p style=\"color: #000000;\">Para mais esclarecimentos, encaminhe um e-mail para\u00a0<a style=\"color: #ffb702;\" href=\"mailto:atendimento@anprotec.org.br\">atendimento@anprotec.org.br<\/a>.<\/p>\n<p style=\"color: #000000;\"><strong>Cerne<\/strong><\/p>\n<p style=\"color: #000000;\">O Centro de Refer\u00eancia para Apoio a Novos Empreendimentos (Cerne) \u00e9 uma plataforma que visa promover a melhoria expressiva nos resultados das incubadoras de diferentes setores de atua\u00e7\u00e3o.<\/p>\n<p style=\"color: #000000;\">O objetivo do Cerne \u00e9 oferecer uma plataforma de solu\u00e7\u00f5es, para ampliar a capacidade da incubadora em gerar empreendimentos inovadores bem-sucedidos. O Cerne cria uma base de refer\u00eancia para que as incubadoras de diferentes \u00e1reas e portes possam reduzir o n\u00edvel de variabilidade na obten\u00e7\u00e3o de sucesso das empresas apoiadas.<\/p>\n<p style=\"color: #000000;\">Para isso, determina boas pr\u00e1ticas a serem adotadas em diversos processos-chave, que est\u00e3o associados a n\u00edveis de maturidade (Cerne 1, Cerne 2, Cerne 3 e Cerne 4). Cada n\u00edvel de maturidade representa um passo da incubadora em dire\u00e7\u00e3o \u00e0 melhoria cont\u00ednua.<\/p>\n","protected":false},"excerpt":{"rendered":"<p>Entre os dias 26 e 29 de setembro, a Anprotec, em parceria com o Sebrae, realizar\u00e1 uma rodada de capacita\u00e7\u00e3o do Cerne\u00a0\u2013 Centro de Refer\u00eancia para Apoio a Novos Empreendimentos \u2013, em Curitiba, PR. A organiza\u00e7\u00e3o local ser\u00e1 realizada pela Reinova. Nos dias 26 e 27, ser\u00e1 realizado o Workshop de Nivelamento e o Curso &hellip;<\/p>\n<p class=\"read-more\"> <a class=\"\" href=\"https:\/\/anprotec.org.br\/cerne\/anprotec-promove-capacitacao-cerne-em-curitiba\/\"> <span class=\"screen-reader-text\">Anprotec promove capacita\u00e7\u00e3o Cerne em Curitiba<\/span> Leia mais &raquo;<\/a><\/p>\n","protected":false},"author":2,"featured_media":681,"comment_status":"open","ping_status":"open","sticky":false,"template":"","format":"standard","meta":{"footnotes":""},"categories":[6],"tags":[],"class_list":["post-1139","post","type-post","status-publish","format-standard","has-post-thumbnail","hentry","category-sem-categoria"],"_links":{"self":[{"href":"https:\/\/anprotec.org.br\/cerne\/wp-json\/wp\/v2\/posts\/1139","targetHints":{"allow":["GET"]}}],"collection":[{"href":"https:\/\/anprotec.org.br\/cerne\/wp-json\/wp\/v2\/posts"}],"about":[{"href":"https:\/\/anprotec.org.br\/cerne\/wp-json\/wp\/v2\/types\/post"}],"author":[{"embeddable":true,"href":"https:\/\/anprotec.org.br\/cerne\/wp-json\/wp\/v2\/users\/2"}],"replies":[{"embeddable":true,"href":"https:\/\/anprotec.org.br\/cerne\/wp-json\/wp\/v2\/comments?post=1139"}],"version-history":[{"count":0,"href":"https:\/\/anprotec.org.br\/cerne\/wp-json\/wp\/v2\/posts\/1139\/revisions"}],"wp:featuredmedia":[{"embeddable":true,"href":"https:\/\/anprotec.org.br\/cerne\/wp-json\/wp\/v2\/media\/681"}],"wp:attachment":[{"href":"https:\/\/anprotec.org.br\/cerne\/wp-json\/wp\/v2\/media?parent=1139"}],"wp:term":[{"taxonomy":"category","embeddable":true,"href":"https:\/\/anprotec.org.br\/cerne\/wp-json\/wp\/v2\/categories?post=1139"},{"taxonomy":"post_tag","embeddable":true,"href":"https:\/\/anprotec.org.br\/cerne\/wp-json\/wp\/v2\/tags?post=1139"}],"curies":[{"name":"wp","href":"https:\/\/api.w.org\/{rel}","templated":true}]}}