{"id":1137,"date":"2017-03-29T17:09:41","date_gmt":"2017-03-29T17:09:41","guid":{"rendered":"http:\/\/anprotec.org.br\/cerne\/?p=696"},"modified":"2017-03-29T17:09:41","modified_gmt":"2017-03-29T17:09:41","slug":"anprotec-e-rede-ms-realizam-workshop-cerne","status":"publish","type":"post","link":"https:\/\/anprotec.org.br\/cerne\/anprotec-e-rede-ms-realizam-workshop-cerne\/","title":{"rendered":"Anprotec e Rede MS realizam workshop Cerne"},"content":{"rendered":"<p><a href=\"https:\/\/anprotec.org.br\/cerne-antigo\/wp-content\/uploads\/2017\/03\/WhatsApp-Image-2017-03-28-at-14.09.38.jpeg\"><img loading=\"lazy\" decoding=\"async\" class=\"alignleft  wp-image-697\" src=\"https:\/\/anprotec.org.br\/cerne-antigo\/wp-content\/uploads\/2017\/03\/WhatsApp-Image-2017-03-28-at-14.09.38-430x323.jpeg\" alt=\"WhatsApp Image 2017-03-28 at 14.09.38\" width=\"284\" height=\"213\" \/><\/a>Teve in\u00edcio, nesta segunda-feira (27\/03), o Workshop de Nivelamento Cerne, em Campo Grande, no Mato Grosso do Sul (MS). A iniciativa apresenta o panorama dos ecossistemas de inova\u00e7\u00e3o do Brasil, as perspectivas para o Mato Grosso do Sul e melhores pr\u00e1ticas do Cerne no estado e as formas de consolida\u00e7\u00e3o do ecossistema de inova\u00e7\u00e3o.<\/p>\n<p>A atividade \u00e9 destinada a incubadoras que queiram fazer parte do programa Cerne. O workshop acontece na Funda\u00e7\u00e3o Manoel de Barros, com organiza\u00e7\u00e3o da Anprotec em parceria com a Rede Sul-Mato Grossense de Inova\u00e7\u00e3o.<\/p>\n<p>Em conjunto com o workshop, acontece o curso de Implanta\u00e7\u00e3o Cerne 1 e 2, at\u00e9 o dia 30\/03. O diretor de associados da Anprotec, Jardel Matos, afirma que o objetivo \u00e9 que cada vez mais pessoas se qualifiquem. &#8220;Como j\u00e1 est\u00e1 sendo feito, o objetivo \u00e9 que o Cerne possa ser ampliado para todos os estados brasileiros. Aliado a isso, outro objetivo \u00e9 o de fortalecer o protagonismo das Redes, movimentando os ecossistemas locais e regionais de inova\u00e7\u00e3o do pa\u00eds\u201d, afirma Matos.<\/p>\n<p><strong>O Cerne<\/strong><\/p>\n<p>Centro de Refer\u00eancia para Apoio a Novos Empreendimentos (Cerne) \u00e9 uma plataforma que visa promover a melhoria expressiva nos resultados das incubadoras de diferentes setores de atua\u00e7\u00e3o. Para isso, determina boas pr\u00e1ticas a serem adotadas em diversos processos-chave, que est\u00e3o associados a n\u00edveis de maturidade (Cerne 1, Cerne 2, Cerne 3 e Cerne 4). Cada n\u00edvel de maturidade representa um passo da incubadora em dire\u00e7\u00e3o \u00e0 melhoria cont\u00ednua.<\/p>\n<p>O objetivo do Cerne \u00e9 oferecer uma plataforma de solu\u00e7\u00f5es, para ampliar a capacidade da incubadora em gerar empreendimentos inovadores bem sucedidos. O Cerne cria uma base de refer\u00eancia para que as incubadoras de diferentes \u00e1reas e portes possam reduzir o n\u00edvel de variabilidade na obten\u00e7\u00e3o de sucesso das empresas apoiadas.<\/p>\n","protected":false},"excerpt":{"rendered":"<p>Iniciativa apresenta panorama de ecossistemas no Brasil e do Mato Grosso do Sul. O workshop acontece de 27 a 30 de mar\u00e7o, em Campo Grande (MS).<\/p>\n","protected":false},"author":2,"featured_media":698,"comment_status":"open","ping_status":"open","sticky":false,"template":"","format":"standard","meta":{"footnotes":""},"categories":[6],"tags":[],"class_list":["post-1137","post","type-post","status-publish","format-standard","has-post-thumbnail","hentry","category-sem-categoria"],"_links":{"self":[{"href":"https:\/\/anprotec.org.br\/cerne\/wp-json\/wp\/v2\/posts\/1137","targetHints":{"allow":["GET"]}}],"collection":[{"href":"https:\/\/anprotec.org.br\/cerne\/wp-json\/wp\/v2\/posts"}],"about":[{"href":"https:\/\/anprotec.org.br\/cerne\/wp-json\/wp\/v2\/types\/post"}],"author":[{"embeddable":true,"href":"https:\/\/anprotec.org.br\/cerne\/wp-json\/wp\/v2\/users\/2"}],"replies":[{"embeddable":true,"href":"https:\/\/anprotec.org.br\/cerne\/wp-json\/wp\/v2\/comments?post=1137"}],"version-history":[{"count":0,"href":"https:\/\/anprotec.org.br\/cerne\/wp-json\/wp\/v2\/posts\/1137\/revisions"}],"wp:featuredmedia":[{"embeddable":true,"href":"https:\/\/anprotec.org.br\/cerne\/wp-json\/"}],"wp:attachment":[{"href":"https:\/\/anprotec.org.br\/cerne\/wp-json\/wp\/v2\/media?parent=1137"}],"wp:term":[{"taxonomy":"category","embeddable":true,"href":"https:\/\/anprotec.org.br\/cerne\/wp-json\/wp\/v2\/categories?post=1137"},{"taxonomy":"post_tag","embeddable":true,"href":"https:\/\/anprotec.org.br\/cerne\/wp-json\/wp\/v2\/tags?post=1137"}],"curies":[{"name":"wp","href":"https:\/\/api.w.org\/{rel}","templated":true}]}}