{"id":1136,"date":"2016-12-08T19:49:32","date_gmt":"2016-12-08T19:49:32","guid":{"rendered":"http:\/\/anprotec.org.br\/cerne\/?p=690"},"modified":"2016-12-08T19:49:32","modified_gmt":"2016-12-08T19:49:32","slug":"incubadoras-recebem-certificado-cerne-1","status":"publish","type":"post","link":"https:\/\/anprotec.org.br\/cerne\/incubadoras-recebem-certificado-cerne-1\/","title":{"rendered":"Incubadoras recebem certificado Cerne 1"},"content":{"rendered":"<p><a href=\"https:\/\/anprotec.org.br\/cerne-antigo\/wp-content\/uploads\/2016\/12\/WhatsApp-Image-2016-12-08-at-17.37.46.jpeg\"><img loading=\"lazy\" decoding=\"async\" class=\"alignleft size-medium wp-image-691\" src=\"https:\/\/anprotec.org.br\/cerne-antigo\/wp-content\/uploads\/2016\/12\/WhatsApp-Image-2016-12-08-at-17.37.46-430x323.jpeg\" alt=\"whatsapp-image-2016-12-08-at-17-37-46\" width=\"430\" height=\"323\" \/><\/a>Tr\u00eas incubadoras de empresas foram certificadas no Cerne 1 durante o tradicional caf\u00e9 da manh\u00e3 Anprotec &amp; Parceiros, nesta quinta-feira (08\/12) em Bras\u00edlia (DF). Receberam o certificado a Arca Multincubadora, o CEI \u2013 Centro de Empreendimentos em Inform\u00e1tica \u2013 Instituto \u2013 UFRGS e o Instituto Gene Blumenau.<\/p>\n<p>Ao entregar os certificados, o Presidente do Instituto Christiano Becker, Guilherme Ary Plonski, institui\u00e7\u00e3o que det\u00e9m exclusividade para o desenvolvimento das avalia\u00e7\u00f5es, salientou que as incubadoras ganhadoras da 20\u00aa edi\u00e7\u00e3o do Pr\u00eamio Nacional de Empreendedorismo Inovador que participaram do processo do Cerne afirmaram que o programa foi essencial para chegarem aonde est\u00e3o. \u201cAgrade\u00e7o a confian\u00e7a que a Anprotec e o Sebrae t\u00eam no Instituto Christiano Becker, para nos \u00e9 muito valioso ser parte deste processo\u201d, finalizou.<\/p>\n<p>O processo de implanta\u00e7\u00e3o do Cerne vem sendo desenvolvido por Anprotec e Sebrae desde 2008, ano em que foi realizado o primeiro workshop sobre o modelo de gest\u00e3o. O modelo Cerne determina boas pr\u00e1ticas a serem adotadas em diversos processos-chave, que est\u00e3o associados a n\u00edveis de maturidade (Cerne 1, Cerne 2, Cerne 3 e Cerne 4). Cada n\u00edvel de maturidade representa um passo da incubadora em dire\u00e7\u00e3o \u00e0 melhoria cont\u00ednua.<\/p>\n","protected":false},"excerpt":{"rendered":"<p>Tr\u00eas incubadoras de empresas foram certificadas no Cerne 1 durante o tradicional caf\u00e9 da manh\u00e3 Anprotec &#038; Parceiros, nesta quinta-feira (08\/12) em Bras\u00edlia (DF). <\/p>\n","protected":false},"author":2,"featured_media":691,"comment_status":"open","ping_status":"open","sticky":false,"template":"","format":"standard","meta":{"footnotes":""},"categories":[6],"tags":[],"class_list":["post-1136","post","type-post","status-publish","format-standard","has-post-thumbnail","hentry","category-sem-categoria"],"_links":{"self":[{"href":"https:\/\/anprotec.org.br\/cerne\/wp-json\/wp\/v2\/posts\/1136","targetHints":{"allow":["GET"]}}],"collection":[{"href":"https:\/\/anprotec.org.br\/cerne\/wp-json\/wp\/v2\/posts"}],"about":[{"href":"https:\/\/anprotec.org.br\/cerne\/wp-json\/wp\/v2\/types\/post"}],"author":[{"embeddable":true,"href":"https:\/\/anprotec.org.br\/cerne\/wp-json\/wp\/v2\/users\/2"}],"replies":[{"embeddable":true,"href":"https:\/\/anprotec.org.br\/cerne\/wp-json\/wp\/v2\/comments?post=1136"}],"version-history":[{"count":0,"href":"https:\/\/anprotec.org.br\/cerne\/wp-json\/wp\/v2\/posts\/1136\/revisions"}],"wp:featuredmedia":[{"embeddable":true,"href":"https:\/\/anprotec.org.br\/cerne\/wp-json\/wp\/v2\/media\/691"}],"wp:attachment":[{"href":"https:\/\/anprotec.org.br\/cerne\/wp-json\/wp\/v2\/media?parent=1136"}],"wp:term":[{"taxonomy":"category","embeddable":true,"href":"https:\/\/anprotec.org.br\/cerne\/wp-json\/wp\/v2\/categories?post=1136"},{"taxonomy":"post_tag","embeddable":true,"href":"https:\/\/anprotec.org.br\/cerne\/wp-json\/wp\/v2\/tags?post=1136"}],"curies":[{"name":"wp","href":"https:\/\/api.w.org\/{rel}","templated":true}]}}