{"id":1133,"date":"2016-09-04T10:00:34","date_gmt":"2016-09-04T10:00:34","guid":{"rendered":"http:\/\/anprotec.org.br\/cerne\/?p=634"},"modified":"2016-09-04T10:00:34","modified_gmt":"2016-09-04T10:00:34","slug":"cerne-realiza-capacitacao-em-brasilia","status":"publish","type":"post","link":"https:\/\/anprotec.org.br\/cerne\/cerne-realiza-capacitacao-em-brasilia\/","title":{"rendered":"ICB realiza rodada de avalia\u00e7\u00f5es para certifica\u00e7\u00e3o Cerne 1"},"content":{"rendered":"<p style=\"text-align: justify;\">No intuito de promover a melhoria expressiva nos resultados das incubadoras de diferentes setores de atua\u00e7\u00e3o, o Instituto Christiano Becker deu in\u00edcio a uma rodada de avalia\u00e7\u00f5es para certific\u00e1-las como Centro de Refer\u00eancia para Apoio a Novos Empreendimentos (Cerne).<\/p>\n<p style=\"text-align: justify;\">Por enquanto 11 Incubadoras solicitaram a avalia\u00e7\u00e3o para Certifica\u00e7\u00e3o Cerne e a expectativa \u00e9 certificar 30 incubadoras at\u00e9 o final deste ano. O processo \u00e9 realizado pelo Instituto Christiano Becker, institui\u00e7\u00e3o que det\u00e9m exclusividade para o desenvolvimento das avalia\u00e7\u00f5es.<\/p>\n<p style=\"text-align: justify;\">Antes do processo a Anprotec realizou pr\u00e9-avalia\u00e7\u00f5es, enviando at\u00e9 as incubadoras uma equipe com experi\u00eancia em an\u00e1lise de sistemas de gest\u00e3o e implanta\u00e7\u00e3o da metodologia Cerne. Ap\u00f3s uma avalia\u00e7\u00e3o rigorosa, as incubadoras receberam um relat\u00f3rio com sugest\u00f5es de melhorias e indica\u00e7\u00f5es do que j\u00e1 estava em conformidade com o modelo.<\/p>\n<p style=\"text-align: justify;\">O Instituto Empresarial de Incuba\u00e7\u00e3o e Inova\u00e7\u00e3o Tecnol\u00f3gica (IEITEC), do Rio Grande do Sul (RS), passou por esse processo de pr\u00e9-avalia\u00e7\u00e3o da Anprotec, a avalia\u00e7\u00e3o do Cerne e agora aguarda o certificado.<\/p>\n<p style=\"text-align: justify;\">Em depoimento encaminhado \u00e0 Anprotec e ao Sebrae, a diretora do IEITEC, Ros\u00e2ngela Fraga Alves escreveu sobre o orgulho que o Instituto tem por participar desse processo desde 2007 e agradeceu a oportunidade de ter recebido avalia\u00e7\u00f5es pr\u00e9vias que os ajudaram a se adequar ao Modelo Cerne.<\/p>\n<p style=\"text-align: justify;\">Na <a href=\"http:\/\/conferenciaanprotec.com.br\/pt\/inicial\/\" target=\"_blank\" rel=\"noopener\">26\u00aa Confer\u00eancia Anprotec<\/a>, que ser\u00e1 realizada entre os dias 17 e 20 de outubro, ser\u00e3o entregues certificados para o primeiro grupo de incubadoras consideradas aptas.<\/p>\n<p style=\"text-align: justify;\"><strong>\u00a0<\/strong><\/p>\n","protected":false},"excerpt":{"rendered":"<p>A expectativa \u00e9 que as primeiras incubadoras sejam certificadas durante a 26\u00aa Confer\u00eancia Anprotec, que ser\u00e1 realizada entre os dias 17 e 20 de outubro. <\/p>\n","protected":false},"author":2,"featured_media":573,"comment_status":"open","ping_status":"open","sticky":false,"template":"","format":"standard","meta":{"footnotes":""},"categories":[6],"tags":[],"class_list":["post-1133","post","type-post","status-publish","format-standard","has-post-thumbnail","hentry","category-sem-categoria"],"_links":{"self":[{"href":"https:\/\/anprotec.org.br\/cerne\/wp-json\/wp\/v2\/posts\/1133","targetHints":{"allow":["GET"]}}],"collection":[{"href":"https:\/\/anprotec.org.br\/cerne\/wp-json\/wp\/v2\/posts"}],"about":[{"href":"https:\/\/anprotec.org.br\/cerne\/wp-json\/wp\/v2\/types\/post"}],"author":[{"embeddable":true,"href":"https:\/\/anprotec.org.br\/cerne\/wp-json\/wp\/v2\/users\/2"}],"replies":[{"embeddable":true,"href":"https:\/\/anprotec.org.br\/cerne\/wp-json\/wp\/v2\/comments?post=1133"}],"version-history":[{"count":0,"href":"https:\/\/anprotec.org.br\/cerne\/wp-json\/wp\/v2\/posts\/1133\/revisions"}],"wp:featuredmedia":[{"embeddable":true,"href":"https:\/\/anprotec.org.br\/cerne\/wp-json\/"}],"wp:attachment":[{"href":"https:\/\/anprotec.org.br\/cerne\/wp-json\/wp\/v2\/media?parent=1133"}],"wp:term":[{"taxonomy":"category","embeddable":true,"href":"https:\/\/anprotec.org.br\/cerne\/wp-json\/wp\/v2\/categories?post=1133"},{"taxonomy":"post_tag","embeddable":true,"href":"https:\/\/anprotec.org.br\/cerne\/wp-json\/wp\/v2\/tags?post=1133"}],"curies":[{"name":"wp","href":"https:\/\/api.w.org\/{rel}","templated":true}]}}