{"id":1132,"date":"2016-01-29T13:19:47","date_gmt":"2016-01-29T13:19:47","guid":{"rendered":"http:\/\/anprotec.org.br\/cerne\/?p=625"},"modified":"2016-01-29T13:19:47","modified_gmt":"2016-01-29T13:19:47","slug":"resultado-da-chamada-para-consultores-cerne-2","status":"publish","type":"post","link":"https:\/\/anprotec.org.br\/cerne\/resultado-da-chamada-para-consultores-cerne-2\/","title":{"rendered":"Resultado da chamada para consultores Cerne 2"},"content":{"rendered":"<p style=\"text-align: justify;\">Foi divulgada a <a href=\"http:\/\/www.anprotec.org.br\/Relata\/Aprovados_2Chamada_IEdital_Credenciamento_Consultores_CERNE_02.pdf\" target=\"_blank\" rel=\"noopener\">lista de consultores aprovados<\/a> na\u00a0<a href=\"http:\/\/www.anprotec.org.br\/Relata\/2ChamadaEditalCredenciamentoConsultoresCerne2.pdf\" target=\"_blank\" rel=\"noopener\"><span style=\"color: #ffb702;\">2\u00aa Chamada ao Edital de Credenciamento de Consultores Cerne 2<\/span><\/a>, destinado profissionais interessados em atuar como consultores na implanta\u00e7\u00e3o do Cerne 2, segundo n\u00edvel de maturidade do modelo de gest\u00e3o de incubadoras criado pela Anprotec\u00a0e o Sebrae.<\/p>\n<p style=\"text-align: justify;\"><a href=\"http:\/\/www.anprotec.org.br\/Relata\/Aprovados_2Chamada_IEdital_Credenciamento_Consultores_CERNE_02.pdf\" target=\"_blank\" rel=\"noopener\">Confira a lista<\/a>.<\/p>\n<p style=\"text-align: justify;\">De acordo a chamada, os consultores aprovados tem at\u00e9 o dia 05 de fevereiro para assinar um Termo de Compromisso, Sigilo e Confidencialidade com as regras e condi\u00e7\u00f5es para execu\u00e7\u00e3o dos servi\u00e7os contratados.<\/p>\n","protected":false},"excerpt":{"rendered":"<p>Confira a lista dos aprovados na 2\u00aa Chamada ao Edital de Credenciamento de Consultores Cerne 2. Eles devem assinar Termo de Compromisso at\u00e9 o dia 05 de fevereiro. <\/p>\n","protected":false},"author":2,"featured_media":133,"comment_status":"open","ping_status":"open","sticky":false,"template":"","format":"standard","meta":{"footnotes":""},"categories":[6],"tags":[],"class_list":["post-1132","post","type-post","status-publish","format-standard","has-post-thumbnail","hentry","category-sem-categoria"],"_links":{"self":[{"href":"https:\/\/anprotec.org.br\/cerne\/wp-json\/wp\/v2\/posts\/1132","targetHints":{"allow":["GET"]}}],"collection":[{"href":"https:\/\/anprotec.org.br\/cerne\/wp-json\/wp\/v2\/posts"}],"about":[{"href":"https:\/\/anprotec.org.br\/cerne\/wp-json\/wp\/v2\/types\/post"}],"author":[{"embeddable":true,"href":"https:\/\/anprotec.org.br\/cerne\/wp-json\/wp\/v2\/users\/2"}],"replies":[{"embeddable":true,"href":"https:\/\/anprotec.org.br\/cerne\/wp-json\/wp\/v2\/comments?post=1132"}],"version-history":[{"count":0,"href":"https:\/\/anprotec.org.br\/cerne\/wp-json\/wp\/v2\/posts\/1132\/revisions"}],"wp:featuredmedia":[{"embeddable":true,"href":"https:\/\/anprotec.org.br\/cerne\/wp-json\/"}],"wp:attachment":[{"href":"https:\/\/anprotec.org.br\/cerne\/wp-json\/wp\/v2\/media?parent=1132"}],"wp:term":[{"taxonomy":"category","embeddable":true,"href":"https:\/\/anprotec.org.br\/cerne\/wp-json\/wp\/v2\/categories?post=1132"},{"taxonomy":"post_tag","embeddable":true,"href":"https:\/\/anprotec.org.br\/cerne\/wp-json\/wp\/v2\/tags?post=1132"}],"curies":[{"name":"wp","href":"https:\/\/api.w.org\/{rel}","templated":true}]}}