{"id":1131,"date":"2015-11-09T16:23:49","date_gmt":"2015-11-09T16:23:49","guid":{"rendered":"http:\/\/anprotec.org.br\/cerne\/?p=607"},"modified":"2015-11-09T16:23:49","modified_gmt":"2015-11-09T16:23:49","slug":"comeca-segunda-rodada-de-avaliacoes-previas","status":"publish","type":"post","link":"https:\/\/anprotec.org.br\/cerne\/comeca-segunda-rodada-de-avaliacoes-previas\/","title":{"rendered":"Come\u00e7a segunda rodada de avalia\u00e7\u00f5es pr\u00e9vias"},"content":{"rendered":"<p style=\"text-align: justify;\">Nesta segunda-feira, 09 de novembro, come\u00e7aram a ser realizadas as visitas da segunda rodada de avalia\u00e7\u00f5es pr\u00e9vias. At\u00e9 o dia 20 de novembro, 17 incubadoras de 10 estados brasileiros receber\u00e3o a visita de avaliadores e consultores, com o objetivo de verificar o grau de conformidade de pr\u00e1ticas e processos-chave com rela\u00e7\u00e3o ao proposto pelo Cerne 1 e se as incubadoras est\u00e3o preparadas para receber a certifica\u00e7\u00e3o deste n\u00edvel.<\/p>\n<p style=\"text-align: justify;\">Confira a agenda das avalia\u00e7\u00f5es:<\/p>\n<p style=\"text-align: justify;\">De 09 a 13\/11<br \/>\nPROINE &#8211; Goi\u00e2nia (GO)<br \/>\nPADETEC &#8211; Fortaleza (CE)<br \/>\nFUMSOFT &#8211; Belo Horizonte (MG)<br \/>\nINSTITUTO GENE &#8211; Blumenau (SC)<br \/>\nSOFTVILLE &#8211; Joinville (SC)<br \/>\nFUNDETEC &#8211; Cascavel (PR)<br \/>\nSANTOS DUMONT &#8211; Foz do Igua\u00e7u (PR)<br \/>\nINSTITUTO G\u00caNESIS &#8211; Rio de Janeiro (RJ)<\/p>\n<p style=\"text-align: justify;\">De 16 a 20\/11<br \/>\nCEI &#8211; Porto Alegre (RS)<br \/>\nIECBIOT &#8211; Porto Alegre (RS)<br \/>\nITCG &#8211; Campina Grande (PB)<br \/>\nCAIS DO PORTO &#8211; Recife (PE)<br \/>\nINATEL &#8211; Santa Rita do Sapuca\u00ed (MG)<br \/>\nPROINTEC &#8211;\u00a0Santa Rita do Sapuca\u00ed (MG)<br \/>\nARCA &#8211; Cuiab\u00e1 \u00a0(MT)<br \/>\nUNITEC &#8211; S\u00e3o Leopoldo (RS)<br \/>\nIEITEC &#8211; Canoas (RS)<\/p>\n<p style=\"text-align: justify;\">At\u00e9 meados de dezembro, ser\u00e3o avaliadas 35 incubadoras, todas contempladas no <a href=\"https:\/\/anprotec.org.br\/cerne-antigo\/2015\/08\/sebrae-divulga-resultado-do-cerne-20151\/\" target=\"_blank\" rel=\"noopener\">Edital Cerne 001\/2015<\/a>. \u201cO objetivo dessa rodada \u00e9 tamb\u00e9m verificar se as recomenda\u00e7\u00f5es da outra avalia\u00e7\u00e3o pr\u00e9via foram colocadas em pr\u00e1tica e garantir que as incubadoras possam acessar os recursos previstos no edital\u201d, afirma a consultora de projetos da Anprotec, Evelin Astolpho. Apenas as incubadoras com certifica\u00e7\u00e3o Cerne 1 poder\u00e3o utilizar os recursos para implanta\u00e7\u00e3o do Cerne 2.<\/p>\n<p>&nbsp;<\/p>\n","protected":false},"excerpt":{"rendered":"<p>At\u00e9 meados de dezembro, ser\u00e3o avaliadas 35 incubadoras, todas contempladas no Edital Cerne 001\/2015. Objetivo \u00e9  verificar se incubadoras est\u00e3o preparadas para certifica\u00e7\u00e3o Cerne 1. <\/p>\n","protected":false},"author":2,"featured_media":133,"comment_status":"open","ping_status":"open","sticky":false,"template":"","format":"standard","meta":{"footnotes":""},"categories":[6],"tags":[],"class_list":["post-1131","post","type-post","status-publish","format-standard","has-post-thumbnail","hentry","category-sem-categoria"],"_links":{"self":[{"href":"https:\/\/anprotec.org.br\/cerne\/wp-json\/wp\/v2\/posts\/1131","targetHints":{"allow":["GET"]}}],"collection":[{"href":"https:\/\/anprotec.org.br\/cerne\/wp-json\/wp\/v2\/posts"}],"about":[{"href":"https:\/\/anprotec.org.br\/cerne\/wp-json\/wp\/v2\/types\/post"}],"author":[{"embeddable":true,"href":"https:\/\/anprotec.org.br\/cerne\/wp-json\/wp\/v2\/users\/2"}],"replies":[{"embeddable":true,"href":"https:\/\/anprotec.org.br\/cerne\/wp-json\/wp\/v2\/comments?post=1131"}],"version-history":[{"count":0,"href":"https:\/\/anprotec.org.br\/cerne\/wp-json\/wp\/v2\/posts\/1131\/revisions"}],"wp:featuredmedia":[{"embeddable":true,"href":"https:\/\/anprotec.org.br\/cerne\/wp-json\/"}],"wp:attachment":[{"href":"https:\/\/anprotec.org.br\/cerne\/wp-json\/wp\/v2\/media?parent=1131"}],"wp:term":[{"taxonomy":"category","embeddable":true,"href":"https:\/\/anprotec.org.br\/cerne\/wp-json\/wp\/v2\/categories?post=1131"},{"taxonomy":"post_tag","embeddable":true,"href":"https:\/\/anprotec.org.br\/cerne\/wp-json\/wp\/v2\/tags?post=1131"}],"curies":[{"name":"wp","href":"https:\/\/api.w.org\/{rel}","templated":true}]}}