{"id":1130,"date":"2015-09-23T20:08:49","date_gmt":"2015-09-23T20:08:49","guid":{"rendered":"http:\/\/anprotec.org.br\/cerne\/?p=604"},"modified":"2015-09-23T20:08:49","modified_gmt":"2015-09-23T20:08:49","slug":"cerne-e-apresentado-na-conferencia-da-iasp","status":"publish","type":"post","link":"https:\/\/anprotec.org.br\/cerne\/cerne-e-apresentado-na-conferencia-da-iasp\/","title":{"rendered":"Cerne \u00e9 apresentado na Confer\u00eancia da IASP"},"content":{"rendered":"<p style=\"text-align: justify;\">Nesta quarta-feira, 23 de setembro, o modelo Cerne (Centro de Refer\u00eancia para Apoio a Novos Empreendimentos) foi apresentado pelo consultor de projetos da Anprotec, Carlos Eduardo Bizzotto, na 32\u00aa Confer\u00eancia da Associa\u00e7\u00e3o Internacional de Parques Tecnol\u00f3gicos e \u00c1reas de Inova\u00e7\u00e3o (IASP), que ocorre em Beijing. \u00a0O evento re\u00fane lideran\u00e7as mundiais relacionadas ao incentivo e suporte ao empreendedorismo inovador, e apresenta tend\u00eancias no desenvolvimento de ambientes de inova\u00e7\u00e3o.\u00a0 Bizzotto integra a delega\u00e7\u00e3o brasileira da Miss\u00e3o T\u00e9cnica 2015\/2, que nesta semana cumpre agenda na China.<\/p>\n<p style=\"text-align: justify;\">O consultor da Anprotec apresentou o Cerne durante a sess\u00e3o \u201cIncuba\u00e7\u00e3o e crescimento\u201d. Bizzotto detalhou o processo de cria\u00e7\u00e3o e de concep\u00e7\u00e3o da plataforma, enfatizando o car\u00e1ter colaborativo e o amadurecimento de discuss\u00f5es com mais de 400 gerentes de incubadoras brasileiras. Ele tamb\u00e9m apresentou os principais resultados alcan\u00e7ados com a implanta\u00e7\u00e3o do modelo, j\u00e1 que muitas incubadoras encontram-se em processo de certifica\u00e7\u00e3o.<\/p>\n<p style=\"text-align: justify;\"><strong>Sobre a Miss\u00e3o T\u00e9cnica 2015\/2<br \/>\n<\/strong>Promovida por Anprotec em parceria com o Servi\u00e7o Brasileiro de Apoio \u00e0s Micro e Pequenas Empresas (Sebrae) e o Conselho Nacional de Secret\u00e1rios Estaduais para Assuntos de Ci\u00eancia, Tecnologia e Inova\u00e7\u00e3o (Consecti), a miss\u00e3o come\u00e7ou no dia 14 de setembro e segue at\u00e9 a pr\u00f3xima sexta-feira.<\/p>\n<p style=\"text-align: justify;\">Na \u00faltima semana, os participantes da Miss\u00e3o estiveram na Coreia do Sul, onde visitaram ambientes de inova\u00e7\u00e3o, institutos de ci\u00eancia, tecnologia e inova\u00e7\u00e3o e se reuniu com lideran\u00e7as governamentais e do ecossistema inovador do pa\u00eds. Nesta semana, a delega\u00e7\u00e3o brasileira participa da <a href=\"http:\/\/www.iasp2015beijing.cn\/\">32\u00aa Confer\u00eancia da Associa\u00e7\u00e3o Internacional de Parques Tecnol\u00f3gicos e \u00c1reas de Inova\u00e7\u00e3o (IASP)<\/a>, que ocorre de 22 a 25 de setembro, em Beijing.<\/p>\n<p style=\"text-align: justify;\">* Acompanhe a cobertura da Miss\u00e3o T\u00e9cnica 2015\/2 no site e Facebook da Anprotec.<\/p>\n","protected":false},"excerpt":{"rendered":"<p>Evento re\u00fane lideran\u00e7as mundiais relacionadas ao incentivo e suporte ao empreendedorismo inovador e apresenta tend\u00eancias no desenvolvimento de ambientes de inova\u00e7\u00e3o.<\/p>\n","protected":false},"author":2,"featured_media":605,"comment_status":"open","ping_status":"open","sticky":false,"template":"","format":"standard","meta":{"footnotes":""},"categories":[6],"tags":[],"class_list":["post-1130","post","type-post","status-publish","format-standard","has-post-thumbnail","hentry","category-sem-categoria"],"_links":{"self":[{"href":"https:\/\/anprotec.org.br\/cerne\/wp-json\/wp\/v2\/posts\/1130","targetHints":{"allow":["GET"]}}],"collection":[{"href":"https:\/\/anprotec.org.br\/cerne\/wp-json\/wp\/v2\/posts"}],"about":[{"href":"https:\/\/anprotec.org.br\/cerne\/wp-json\/wp\/v2\/types\/post"}],"author":[{"embeddable":true,"href":"https:\/\/anprotec.org.br\/cerne\/wp-json\/wp\/v2\/users\/2"}],"replies":[{"embeddable":true,"href":"https:\/\/anprotec.org.br\/cerne\/wp-json\/wp\/v2\/comments?post=1130"}],"version-history":[{"count":0,"href":"https:\/\/anprotec.org.br\/cerne\/wp-json\/wp\/v2\/posts\/1130\/revisions"}],"wp:featuredmedia":[{"embeddable":true,"href":"https:\/\/anprotec.org.br\/cerne\/wp-json\/"}],"wp:attachment":[{"href":"https:\/\/anprotec.org.br\/cerne\/wp-json\/wp\/v2\/media?parent=1130"}],"wp:term":[{"taxonomy":"category","embeddable":true,"href":"https:\/\/anprotec.org.br\/cerne\/wp-json\/wp\/v2\/categories?post=1130"},{"taxonomy":"post_tag","embeddable":true,"href":"https:\/\/anprotec.org.br\/cerne\/wp-json\/wp\/v2\/tags?post=1130"}],"curies":[{"name":"wp","href":"https:\/\/api.w.org\/{rel}","templated":true}]}}