{"id":1129,"date":"2015-09-11T13:44:12","date_gmt":"2015-09-11T13:44:12","guid":{"rendered":"http:\/\/anprotec.org.br\/cerne\/?p=593"},"modified":"2015-09-11T13:44:12","modified_gmt":"2015-09-11T13:44:12","slug":"anprotec-divulga-relacao-de-consultores-cerne-2","status":"publish","type":"post","link":"https:\/\/anprotec.org.br\/cerne\/anprotec-divulga-relacao-de-consultores-cerne-2\/","title":{"rendered":"Anprotec divulga rela\u00e7\u00e3o de consultores Cerne 2"},"content":{"rendered":"<p>A Anprotec publicou nesta sexta-feira, dia 11, a rela\u00e7\u00e3o de aprovados no I Edital de Credenciamento de Consultores \u2013 CERNE 02. \u00a0Os selecionados passaram por tr\u00eas etapas de avalia\u00e7\u00e3o. Confira o resultado:<\/p>\n<p>&nbsp;<\/p>\n<ul>\n<li>Celso Roberto Perez<\/li>\n<li>Evaristo Fernandes Lima<\/li>\n<li>Iara L\u00facia Vaz Guedes<\/li>\n<li>Luiz Fernando Gelape<\/li>\n<li>Reinaldo Tsuyoshi Igarashi<\/li>\n<li>Val\u00e9ria Maria Ferreira da Cruz<\/li>\n<li>Victor Gasparoto Mab\u00edlia<\/li>\n<\/ul>\n<p>&nbsp;<\/p>\n<p>Nos pr\u00f3ximos dias, os\u00a0consultores aprovados assinar\u00e3o um Termo de Compromisso, Sigilo e Confidencialidade com as regras e condi\u00e7\u00f5es para execu\u00e7\u00e3o dos servi\u00e7os contratados.<\/p>\n<p>Clique <a href=\"http:\/\/www.anprotec.org.br\/Relata\/Relacao_Aprovados_I_Edital_Credenciamento_Consultores_CERNE_02.pdf\">aqui<\/a> e confira a publica\u00e7\u00e3o oficial.<\/p>\n","protected":false},"excerpt":{"rendered":"<p>A Anprotec publicou nesta sexta-feira, dia 11, a rela\u00e7\u00e3o de aprovados no I Edital de Credenciamento de Consultores \u2013 CERNE 02.  Os selecionados passaram por tr\u00eas etapas de avalia\u00e7\u00e3o. Confira o resultado.<\/p>\n","protected":false},"author":2,"featured_media":0,"comment_status":"open","ping_status":"open","sticky":false,"template":"","format":"standard","meta":{"footnotes":""},"categories":[6],"tags":[],"class_list":["post-1129","post","type-post","status-publish","format-standard","hentry","category-sem-categoria"],"_links":{"self":[{"href":"https:\/\/anprotec.org.br\/cerne\/wp-json\/wp\/v2\/posts\/1129","targetHints":{"allow":["GET"]}}],"collection":[{"href":"https:\/\/anprotec.org.br\/cerne\/wp-json\/wp\/v2\/posts"}],"about":[{"href":"https:\/\/anprotec.org.br\/cerne\/wp-json\/wp\/v2\/types\/post"}],"author":[{"embeddable":true,"href":"https:\/\/anprotec.org.br\/cerne\/wp-json\/wp\/v2\/users\/2"}],"replies":[{"embeddable":true,"href":"https:\/\/anprotec.org.br\/cerne\/wp-json\/wp\/v2\/comments?post=1129"}],"version-history":[{"count":0,"href":"https:\/\/anprotec.org.br\/cerne\/wp-json\/wp\/v2\/posts\/1129\/revisions"}],"wp:attachment":[{"href":"https:\/\/anprotec.org.br\/cerne\/wp-json\/wp\/v2\/media?parent=1129"}],"wp:term":[{"taxonomy":"category","embeddable":true,"href":"https:\/\/anprotec.org.br\/cerne\/wp-json\/wp\/v2\/categories?post=1129"},{"taxonomy":"post_tag","embeddable":true,"href":"https:\/\/anprotec.org.br\/cerne\/wp-json\/wp\/v2\/tags?post=1129"}],"curies":[{"name":"wp","href":"https:\/\/api.w.org\/{rel}","templated":true}]}}