{"id":1128,"date":"2015-09-04T13:57:50","date_gmt":"2015-09-04T13:57:50","guid":{"rendered":"http:\/\/anprotec.org.br\/cerne\/?p=588"},"modified":"2015-09-04T13:57:50","modified_gmt":"2015-09-04T13:57:50","slug":"prorrogada-divulgacao-de-consultores-credenciados","status":"publish","type":"post","link":"https:\/\/anprotec.org.br\/cerne\/prorrogada-divulgacao-de-consultores-credenciados\/","title":{"rendered":"Prorrogada divulga\u00e7\u00e3o de consultores credenciados"},"content":{"rendered":"<p>A Anprotec informa que a publica\u00e7\u00e3o do resultado referente \u00e0 Fase 4 do <a href=\"http:\/\/www.anprotec.org.br\/Relata\/Edital1CredenciamentoConsultoresCerne2.pdf\">Edital de Credenciamento de Consultores Cerne 2 <\/a>foi prorrogada para o pr\u00f3ximo dia <strong>11 de setembro.\u00a0<\/strong><\/p>\n","protected":false},"excerpt":{"rendered":"<p>A Anprotec informa que a publica\u00e7\u00e3o do resultado referente \u00e0 Fase 4 do Edital de Credenciamento de Consultores Cerne 2 foi prorrogada para o pr\u00f3ximo dia 11 de setembro.\u00a0<\/p>\n","protected":false},"author":2,"featured_media":0,"comment_status":"open","ping_status":"open","sticky":false,"template":"","format":"standard","meta":{"footnotes":""},"categories":[6],"tags":[],"class_list":["post-1128","post","type-post","status-publish","format-standard","hentry","category-sem-categoria"],"_links":{"self":[{"href":"https:\/\/anprotec.org.br\/cerne\/wp-json\/wp\/v2\/posts\/1128","targetHints":{"allow":["GET"]}}],"collection":[{"href":"https:\/\/anprotec.org.br\/cerne\/wp-json\/wp\/v2\/posts"}],"about":[{"href":"https:\/\/anprotec.org.br\/cerne\/wp-json\/wp\/v2\/types\/post"}],"author":[{"embeddable":true,"href":"https:\/\/anprotec.org.br\/cerne\/wp-json\/wp\/v2\/users\/2"}],"replies":[{"embeddable":true,"href":"https:\/\/anprotec.org.br\/cerne\/wp-json\/wp\/v2\/comments?post=1128"}],"version-history":[{"count":0,"href":"https:\/\/anprotec.org.br\/cerne\/wp-json\/wp\/v2\/posts\/1128\/revisions"}],"wp:attachment":[{"href":"https:\/\/anprotec.org.br\/cerne\/wp-json\/wp\/v2\/media?parent=1128"}],"wp:term":[{"taxonomy":"category","embeddable":true,"href":"https:\/\/anprotec.org.br\/cerne\/wp-json\/wp\/v2\/categories?post=1128"},{"taxonomy":"post_tag","embeddable":true,"href":"https:\/\/anprotec.org.br\/cerne\/wp-json\/wp\/v2\/tags?post=1128"}],"curies":[{"name":"wp","href":"https:\/\/api.w.org\/{rel}","templated":true}]}}