{"id":1127,"date":"2015-08-25T12:25:20","date_gmt":"2015-08-25T12:25:20","guid":{"rendered":"http:\/\/anprotec.org.br\/cerne\/?p=570"},"modified":"2015-08-25T12:25:20","modified_gmt":"2015-08-25T12:25:20","slug":"sebrae-divulga-resultado-do-cerne-20151","status":"publish","type":"post","link":"https:\/\/anprotec.org.br\/cerne\/sebrae-divulga-resultado-do-cerne-20151\/","title":{"rendered":"Sebrae divulga resultado do Cerne 01\/2015"},"content":{"rendered":"<p style=\"text-align: justify;\">O Sebrae divulgou nesta segunda-feira (24) o<span class=\"apple-converted-space\">\u00a0<\/span><a href=\"http:\/\/www.sebrae.com.br\/Sebrae\/Portal%20Sebrae\/Anexos\/RESULTADO%20DO%20EDITAL%20SEBRAE%20para%20o%20Site.pdf\" target=\"_blank\" rel=\"noopener\">resultado do Edital Cerne 01\/2015<\/a>. Lan\u00e7ado em fevereiro deste ano, o edital\u00a0prev\u00ea\u00a0aporte financeiro total de R$ 28,8 milh\u00f5es, destinado \u00e0 implanta\u00e7\u00e3o do Cerne 1 e do Cerne 2 em incubadoras brasileiras, al\u00e9m da certifica\u00e7\u00e3o dessas institui\u00e7\u00f5es como Centros de Refer\u00eancia para Apoio a Novos Empreendimentos.<\/p>\n<p style=\"text-align: justify;\">Ao todo, 91 incubadoras foram contempladas, em todas as regi\u00f5es do pa\u00eds. A partir de agora, os Sebraes estaduais e do Distrito Federal entrar\u00e3o em contato com as incubadoras para formalizar o Conv\u00eanio entre as partes.<\/p>\n<p style=\"text-align: justify;\">Fruto de uma parceria entre a Anprotec e o Sebrae, o Cerne \u00e9 um modelo de gest\u00e3o que visa promover a melhoria expressiva nos resultados das incubadoras de diferentes setores de atua\u00e7\u00e3o. Para isso, determina boas pr\u00e1ticas a serem adotadas em diversos processos-chave, que est\u00e3o associados a n\u00edveis de maturidade (Cerne 1, Cerne 2, Cerne 3 e Cerne 4). Cada n\u00edvel de maturidade representa um passo da incubadora em dire\u00e7\u00e3o \u00e0 melhoria cont\u00ednua.<\/p>\n<p style=\"text-align: justify;\">Para a presidente da Anprotec, Francilene Garcia, esse \u00e9 o momento de celebrar a parceria com o Sebrae e se preparar para mudar o cen\u00e1rio negativo da economia, por meio do apoio ao empreendedorismo e \u00e0 inova\u00e7\u00e3o. \u201cTem uma parte desse Brasil que d\u00e1 certo. Vamos focar nos desafios e nas oportunidades desse Brasil para que consigamos retomar nosso crescimento\u201d, afirma.<\/p>\n<p style=\"text-align: justify;\"><a href=\"http:\/\/www.sebrae.com.br\/Sebrae\/Portal%20Sebrae\/Anexos\/RESULTADO%20DO%20EDITAL%20SEBRAE%20para%20o%20Site.pdf\" target=\"_blank\" rel=\"noopener\">Confira o resultado.<\/a><\/p>\n<p style=\"text-align: justify;\"><a href=\"https:\/\/anprotec.org.br\/site\/2015\/02\/novo-edital-do-cerne-esta-disponivel\/\" target=\"_blank\" rel=\"noopener\">Saiba mais sobre o edital.<\/a><\/p>\n","protected":false},"excerpt":{"rendered":"<p>Lan\u00e7ado em fevereiro, o edital prev\u00ea  aporte financeiro total de R$ 28,8 milh\u00f5es, destinado \u00e0 implanta\u00e7\u00e3o do Cerne 1 e do Cerne 2 em incubadoras brasileiras. <\/p>\n","protected":false},"author":2,"featured_media":573,"comment_status":"open","ping_status":"open","sticky":false,"template":"","format":"standard","meta":{"footnotes":""},"categories":[6],"tags":[],"class_list":["post-1127","post","type-post","status-publish","format-standard","has-post-thumbnail","hentry","category-sem-categoria"],"_links":{"self":[{"href":"https:\/\/anprotec.org.br\/cerne\/wp-json\/wp\/v2\/posts\/1127","targetHints":{"allow":["GET"]}}],"collection":[{"href":"https:\/\/anprotec.org.br\/cerne\/wp-json\/wp\/v2\/posts"}],"about":[{"href":"https:\/\/anprotec.org.br\/cerne\/wp-json\/wp\/v2\/types\/post"}],"author":[{"embeddable":true,"href":"https:\/\/anprotec.org.br\/cerne\/wp-json\/wp\/v2\/users\/2"}],"replies":[{"embeddable":true,"href":"https:\/\/anprotec.org.br\/cerne\/wp-json\/wp\/v2\/comments?post=1127"}],"version-history":[{"count":0,"href":"https:\/\/anprotec.org.br\/cerne\/wp-json\/wp\/v2\/posts\/1127\/revisions"}],"wp:featuredmedia":[{"embeddable":true,"href":"https:\/\/anprotec.org.br\/cerne\/wp-json\/"}],"wp:attachment":[{"href":"https:\/\/anprotec.org.br\/cerne\/wp-json\/wp\/v2\/media?parent=1127"}],"wp:term":[{"taxonomy":"category","embeddable":true,"href":"https:\/\/anprotec.org.br\/cerne\/wp-json\/wp\/v2\/categories?post=1127"},{"taxonomy":"post_tag","embeddable":true,"href":"https:\/\/anprotec.org.br\/cerne\/wp-json\/wp\/v2\/tags?post=1127"}],"curies":[{"name":"wp","href":"https:\/\/api.w.org\/{rel}","templated":true}]}}