{"id":1126,"date":"2015-08-10T18:12:26","date_gmt":"2015-08-10T18:12:26","guid":{"rendered":"http:\/\/anprotec.org.br\/cerne\/?p=565"},"modified":"2015-08-10T18:12:26","modified_gmt":"2015-08-10T18:12:26","slug":"capacitacao-do-cerne-e-realizada-em-santa-rita-do-sapucai","status":"publish","type":"post","link":"https:\/\/anprotec.org.br\/cerne\/capacitacao-do-cerne-e-realizada-em-santa-rita-do-sapucai\/","title":{"rendered":"Capacita\u00e7\u00e3o do Cerne \u00e9 realizada em Minas Gerais"},"content":{"rendered":"<p>Na \u00faltima semana, foi realizada mais uma capacita\u00e7\u00e3o do Cerne\u00a0\u2013 Centro de Refer\u00eancia para Apoio a Novos Empreendimentos \u2013 modelo de gest\u00e3o desenvolvido pela Anprotec em parceria com o Sebrae, em Santa Rita do Sapuca\u00ed (MG). Ao todo, 31 pessoas participaram dos cursos de capacita\u00e7\u00e3o do Cerne 1 e do Cerne 2\u00a0\u2013 segundo est\u00e1gio de aplica\u00e7\u00e3o do modelo, focado em gest\u00e3o organizacional.<\/p>\n","protected":false},"excerpt":{"rendered":"<p>Ao todo, 31 pessoas participaram dos cursos de capacita\u00e7\u00e3o do Cerne 1 e do Cerne 2 \u2013 segundo est\u00e1gio de aplica\u00e7\u00e3o do modelo, focado em gest\u00e3o organizacional.<\/p>\n","protected":false},"author":2,"featured_media":566,"comment_status":"open","ping_status":"open","sticky":false,"template":"","format":"standard","meta":{"footnotes":""},"categories":[6],"tags":[],"class_list":["post-1126","post","type-post","status-publish","format-standard","has-post-thumbnail","hentry","category-sem-categoria"],"_links":{"self":[{"href":"https:\/\/anprotec.org.br\/cerne\/wp-json\/wp\/v2\/posts\/1126","targetHints":{"allow":["GET"]}}],"collection":[{"href":"https:\/\/anprotec.org.br\/cerne\/wp-json\/wp\/v2\/posts"}],"about":[{"href":"https:\/\/anprotec.org.br\/cerne\/wp-json\/wp\/v2\/types\/post"}],"author":[{"embeddable":true,"href":"https:\/\/anprotec.org.br\/cerne\/wp-json\/wp\/v2\/users\/2"}],"replies":[{"embeddable":true,"href":"https:\/\/anprotec.org.br\/cerne\/wp-json\/wp\/v2\/comments?post=1126"}],"version-history":[{"count":0,"href":"https:\/\/anprotec.org.br\/cerne\/wp-json\/wp\/v2\/posts\/1126\/revisions"}],"wp:featuredmedia":[{"embeddable":true,"href":"https:\/\/anprotec.org.br\/cerne\/wp-json\/"}],"wp:attachment":[{"href":"https:\/\/anprotec.org.br\/cerne\/wp-json\/wp\/v2\/media?parent=1126"}],"wp:term":[{"taxonomy":"category","embeddable":true,"href":"https:\/\/anprotec.org.br\/cerne\/wp-json\/wp\/v2\/categories?post=1126"},{"taxonomy":"post_tag","embeddable":true,"href":"https:\/\/anprotec.org.br\/cerne\/wp-json\/wp\/v2\/tags?post=1126"}],"curies":[{"name":"wp","href":"https:\/\/api.w.org\/{rel}","templated":true}]}}