{"id":1125,"date":"2015-07-28T16:45:44","date_gmt":"2015-07-28T16:45:44","guid":{"rendered":"http:\/\/anprotec.org.br\/cerne\/?p=559"},"modified":"2015-07-28T16:45:44","modified_gmt":"2015-07-28T16:45:44","slug":"nordeste-sedia-capacitacoes-sobre-cerne-1-e-cerne-2","status":"publish","type":"post","link":"https:\/\/anprotec.org.br\/cerne\/nordeste-sedia-capacitacoes-sobre-cerne-1-e-cerne-2\/","title":{"rendered":"Nordeste sedia capacita\u00e7\u00f5es sobre Cerne 1 e Cerne 2"},"content":{"rendered":"<p style=\"text-align: justify;\">A Regi\u00e3o Nordeste sediar\u00e1 mais uma rodada de capacita\u00e7\u00f5es do\u00a0<a href=\"https:\/\/anprotec.org.br\/cerne-antigo\/\">Cerne<\/a>\u00a0\u2013 Centro de Refer\u00eancia para Apoio a Novos Empreendimentos, modelo de gest\u00e3o de incubadoras desenvolvido por Anprotec e Sebrae. Os cursos ser\u00e3o realizados em Fortaleza (CE), entre os pr\u00f3ximos dias 31 de agosto e 3 de setembro, com foco na implanta\u00e7\u00e3o do Cerne 1 e do Cerne 2, os dois primeiros n\u00edveis de maturidade do modelo.<\/p>\n<p style=\"text-align: justify;\">Nos primeiros dois dias, os participantes ter\u00e3o o Workshop de Nivelamento e o Curso de Implanta\u00e7\u00e3o Cerne 1, focado no desenvolvimento dos empreendimentos. J\u00e1 os dias 2 e 3 de setembro ser\u00e3o dedicados \u00e0queles que j\u00e1 participaram dessa primeira etapa da capacita\u00e7\u00e3o\u00a0\u2013 o curso do Cerne 1 \u00e9 pr\u00e9-requisito neste caso \u2013 e que estar\u00e3o aptos ao Curso de Implanta\u00e7\u00e3o Cerne 2 \u2013 segundo est\u00e1gio de aplica\u00e7\u00e3o do modelo, focado em gest\u00e3o organizacional.<\/p>\n<p style=\"text-align: justify;\">As inscri\u00e7\u00f5es podem ser feitas at\u00e9 o dia 17 de agosto, por meio do preenchimento e envio\u00a0<a href=\"https:\/\/anprotec.org.br\/Relata\/Inscricao_CapacitacoesCerne_Fortaleza.doc\">deste Formul\u00e1rio.<\/a>\u00a0Para associados Anprotec, o valor de inscri\u00e7\u00e3o \u00e9 R$ 600,00 para o curso Cerne 1 e R$ 550,00 para o curso Cerne 2 \u2013 n\u00e3o associados investir\u00e3o R$ 1 mil e R$ 930,00, respectivamente.<\/p>\n<p style=\"text-align: justify;\">As atividades ser\u00e3o realizadas no\u00a0<b>Hotel Recanto Wirapuru<\/b>\u00a0(Av. Alberto Craveiro, 2222, Dias Macedo, Fortaleza. Contato para reservas:\u00a0<a href=\"\/\/localhost\/tel\/85%2529%203477-3900\">85 3477-3900<\/a>).<\/p>\n<p style=\"text-align: justify;\"><b>O Cerne<\/b><\/p>\n<p style=\"text-align: justify;\">Resultado de uma parceria entre a Anprotec e o Sebrae, o Cerne \u00e9 um modelo de gest\u00e3o que visa promover a melhoria expressiva nos resultados das incubadoras de diferentes setores de atua\u00e7\u00e3o. Para isso, determina boas pr\u00e1ticas a serem adotadas em diversos processos-chave, que est\u00e3o associados a n\u00edveis de maturidade (Cerne 1, Cerne 2, Cerne 3 e Cerne 4). Cada n\u00edvel de maturidade representa um passo da incubadora em dire\u00e7\u00e3o \u00e0 melhoria cont\u00ednua.<\/p>\n<p style=\"text-align: justify;\">*Foto: Shutterstock<\/p>\n","protected":false},"excerpt":{"rendered":"<p>Entre os dias 31 de agosto e 3 de setembro, a Associa\u00e7\u00e3o realizar\u00e1 dois cursos em Fortaleza (CE), dedicados \u00e0 implanta\u00e7\u00e3o dos dois primeiros est\u00e1gios do modelo de gest\u00e3o.  <\/p>\n","protected":false},"author":2,"featured_media":121,"comment_status":"open","ping_status":"open","sticky":false,"template":"","format":"standard","meta":{"footnotes":""},"categories":[6],"tags":[],"class_list":["post-1125","post","type-post","status-publish","format-standard","has-post-thumbnail","hentry","category-sem-categoria"],"_links":{"self":[{"href":"https:\/\/anprotec.org.br\/cerne\/wp-json\/wp\/v2\/posts\/1125","targetHints":{"allow":["GET"]}}],"collection":[{"href":"https:\/\/anprotec.org.br\/cerne\/wp-json\/wp\/v2\/posts"}],"about":[{"href":"https:\/\/anprotec.org.br\/cerne\/wp-json\/wp\/v2\/types\/post"}],"author":[{"embeddable":true,"href":"https:\/\/anprotec.org.br\/cerne\/wp-json\/wp\/v2\/users\/2"}],"replies":[{"embeddable":true,"href":"https:\/\/anprotec.org.br\/cerne\/wp-json\/wp\/v2\/comments?post=1125"}],"version-history":[{"count":0,"href":"https:\/\/anprotec.org.br\/cerne\/wp-json\/wp\/v2\/posts\/1125\/revisions"}],"wp:featuredmedia":[{"embeddable":true,"href":"https:\/\/anprotec.org.br\/cerne\/wp-json\/"}],"wp:attachment":[{"href":"https:\/\/anprotec.org.br\/cerne\/wp-json\/wp\/v2\/media?parent=1125"}],"wp:term":[{"taxonomy":"category","embeddable":true,"href":"https:\/\/anprotec.org.br\/cerne\/wp-json\/wp\/v2\/categories?post=1125"},{"taxonomy":"post_tag","embeddable":true,"href":"https:\/\/anprotec.org.br\/cerne\/wp-json\/wp\/v2\/tags?post=1125"}],"curies":[{"name":"wp","href":"https:\/\/api.w.org\/{rel}","templated":true}]}}