{"id":1124,"date":"2015-07-27T14:00:33","date_gmt":"2015-07-27T14:00:33","guid":{"rendered":"http:\/\/anprotec.org.br\/cerne\/?p=532"},"modified":"2015-07-27T14:00:33","modified_gmt":"2015-07-27T14:00:33","slug":"lancado-edital-para-credenciamento-de-consultores-cerne-2","status":"publish","type":"post","link":"https:\/\/anprotec.org.br\/cerne\/lancado-edital-para-credenciamento-de-consultores-cerne-2\/","title":{"rendered":"Lan\u00e7ado edital para consultores Cerne 2"},"content":{"rendered":"<p style=\"text-align: justify;\">A Anprotec recebe at\u00e9 o pr\u00f3ximo dia 15 de agosto as inscri\u00e7\u00f5es de profissionais interessados em atuar como consultores na implanta\u00e7\u00e3o do Cerne 2, segundo n\u00edvel de maturidade do modelo de gest\u00e3o de incubadoras criado pela Associa\u00e7\u00e3o e o Sebrae. Para participar, o profissional precisa, obrigatoriamente, j\u00e1 ser um consultor credenciado Cerne 1.<\/p>\n<p style=\"text-align: justify;\">Al\u00e9m disso, para conquistarem o credenciamento\u00a0os consultores devem participar da <a href=\"https:\/\/anprotec.org.br\/cerne-antigo\/2015\/07\/anprotec-inicia-formacao-e-credenciamento-de-consultores-cerne-2\/\" target=\"_blank\" rel=\"noopener\">Reuni\u00e3o de Atualiza\u00e7\u00e3o Cerne 1 &#8211; 2015 e do Curso de Forma\u00e7\u00e3o para Consultores Cerne 2<\/a>, a serem realizados pela Anprotec, em Bras\u00edlia (DF), entre os dias 25 e 28 de agosto deste ano\u00a0(saiba mais aqui).\u00a0Outro pr\u00e9-requisito \u00e9\u00a0obter nota\u00a0igual ou superior a oito (8,0) na prova de conhecimentos a ser aplicada pela Anprotec no dia 28. Por fim, \u00e9 obrigat\u00f3rio estar com toda documenta\u00e7\u00e3o regularizada e as informa\u00e7\u00f5es de cadastro atualizadas junto \u00e0 Anprotec.<\/p>\n<p style=\"text-align: justify;\">A inscri\u00e7\u00e3o deve ser feita pelo site\u00a0<a href=\"http:\/\/www.anprotec.org.br\/cerne\" target=\"_blank\" rel=\"noopener\">www.anprotec.org.br\/cerne<\/a>, seguindo as regras dispon\u00edveis no\u00a0<a href=\"http:\/\/www.anprotec.org.br\/Relata\/Edital1CredenciamentoConsultoresCerne2.pdf\" target=\"_blank\" rel=\"noopener\">edital<\/a>. Os profissionais aprovados em todas as etapas receber\u00e3o um certificado e far\u00e3o parte da lista de consultores credenciados para a implanta\u00e7\u00e3o do Cerne 2.<\/p>\n<p><strong>Confira o cronograma do processo:<\/strong><\/p>\n<p><em>Inscri\u00e7\u00f5es:<\/em>\u00a0de 27\/07 a 15\/08\/2015<br \/>\n<em>Avalia\u00e7\u00e3o do conhecimento (prova escrita):<\/em>\u00a028\/08\/2015 (Bras\u00edlia-DF)<br \/>\n<em>Divulga\u00e7\u00e3o do resultado:<\/em>\u00a031\/08\/2015<\/p>\n<p><em>Acesse o\u00a0<a href=\"http:\/\/www.anprotec.org.br\/Relata\/Edital1CredenciamentoConsultoresCerne2.pdf\" target=\"_blank\" rel=\"noopener\">Edital<\/a><br \/>\n<\/em><em>Acesse o\u00a0<a href=\"http:\/\/www.anprotec.org.br\/Relata\/Edital1CredenciamentoConsultoresCerne2_FichaInscricao.doc\" target=\"_blank\" rel=\"noopener\">Formul\u00e1rio de Inscri\u00e7\u00e3o<\/a><\/em><\/p>\n","protected":false},"excerpt":{"rendered":"<p>Edital vai credenciar profissionais interessados em atuar como consultores na implanta\u00e7\u00e3o do Cerne 2. Inscri\u00e7\u00f5es v\u00e3o at\u00e9 dia 15 de agosto. <\/p>\n","protected":false},"author":2,"featured_media":133,"comment_status":"open","ping_status":"open","sticky":false,"template":"","format":"standard","meta":{"footnotes":""},"categories":[6],"tags":[],"class_list":["post-1124","post","type-post","status-publish","format-standard","has-post-thumbnail","hentry","category-sem-categoria"],"_links":{"self":[{"href":"https:\/\/anprotec.org.br\/cerne\/wp-json\/wp\/v2\/posts\/1124","targetHints":{"allow":["GET"]}}],"collection":[{"href":"https:\/\/anprotec.org.br\/cerne\/wp-json\/wp\/v2\/posts"}],"about":[{"href":"https:\/\/anprotec.org.br\/cerne\/wp-json\/wp\/v2\/types\/post"}],"author":[{"embeddable":true,"href":"https:\/\/anprotec.org.br\/cerne\/wp-json\/wp\/v2\/users\/2"}],"replies":[{"embeddable":true,"href":"https:\/\/anprotec.org.br\/cerne\/wp-json\/wp\/v2\/comments?post=1124"}],"version-history":[{"count":0,"href":"https:\/\/anprotec.org.br\/cerne\/wp-json\/wp\/v2\/posts\/1124\/revisions"}],"wp:featuredmedia":[{"embeddable":true,"href":"https:\/\/anprotec.org.br\/cerne\/wp-json\/"}],"wp:attachment":[{"href":"https:\/\/anprotec.org.br\/cerne\/wp-json\/wp\/v2\/media?parent=1124"}],"wp:term":[{"taxonomy":"category","embeddable":true,"href":"https:\/\/anprotec.org.br\/cerne\/wp-json\/wp\/v2\/categories?post=1124"},{"taxonomy":"post_tag","embeddable":true,"href":"https:\/\/anprotec.org.br\/cerne\/wp-json\/wp\/v2\/tags?post=1124"}],"curies":[{"name":"wp","href":"https:\/\/api.w.org\/{rel}","templated":true}]}}