{"id":1123,"date":"2015-07-27T14:44:14","date_gmt":"2015-07-27T14:44:14","guid":{"rendered":"http:\/\/anprotec.org.br\/cerne\/?p=529"},"modified":"2015-07-27T14:44:14","modified_gmt":"2015-07-27T14:44:14","slug":"anprotec-inicia-formacao-e-credenciamento-de-consultores-cerne-2","status":"publish","type":"post","link":"https:\/\/anprotec.org.br\/cerne\/anprotec-inicia-formacao-e-credenciamento-de-consultores-cerne-2\/","title":{"rendered":"Anprotec inicia forma\u00e7\u00e3o e credenciamento para Cerne 2"},"content":{"rendered":"<p style=\"text-align: justify;\">Entre os dias 25 e 28 de agosto deste ano, a Anprotec realizar\u00e1, em Bras\u00edlia (DF), atividades de capacita\u00e7\u00e3o exclusivas para consultores Cerne. A agenda inicia no dia 25, com a Reuni\u00e3o de Atualiza\u00e7\u00e3o Cerne 1 &#8211; 2015, dedicada a tem\u00e1ticas relativas ao primeiro n\u00edvel do modelo, da\u00a0qual s\u00f3 podem participar os consultores credenciados.<\/p>\n<p style=\"text-align: justify;\">Entre os dias 26 e 28 ser\u00e1 realizado o Curso de Forma\u00e7\u00e3o para Consultores Cerne 2, que tem por objetivo\u00a0 capacitar esses profissionais nas estrat\u00e9gias, a\u00e7\u00f5es e pr\u00e1ticas voltadas \u00e0 implanta\u00e7\u00e3o do segundo n\u00edvel de maturidade do Cerne nas incubadoras brasileiras. Para participar dessa atividade, \u00e9 obrigat\u00f3ria a certifica\u00e7\u00e3o (pr\u00e9via) como consultor Cerne 1.<\/p>\n<p style=\"text-align: justify;\">No dia 28, ser\u00e1 aplicada uma prova escrita para avalia\u00e7\u00e3o de conhecimento dos consultores em rela\u00e7\u00e3o ao Cerne (n\u00edveis 1 e 2).<\/p>\n<p style=\"text-align: justify;\">Para participar da reuni\u00e3o e do curso, \u00e9 necess\u00e1rio preencher os formul\u00e1rios de inscri\u00e7\u00e3o (veja abaixo) e envi\u00e1-los para cerne@anprotec.org.br at\u00e9 o pr\u00f3ximo dia 31 de julho.\u00a0\u00a0 A taxa de inscri\u00e7\u00e3o para o curso \u00e9 de R$ 800,00. As\u00a0 atividades ser\u00e3o realizadas no Centro Israel Pinheiro &#8211; SHDB QL 32 Conj. 01 Bloco A, Bras\u00edlia (DF).<\/p>\n<p style=\"text-align: justify;\"><a href=\"http:\/\/www.anprotec.org.br\/Relata\/ReuniaoAtualizacaoCerne1_FichaInscricao.doc\" target=\"_blank\" rel=\"noopener\">Ficha de Inscri\u00e7\u00e3o &#8211; Reuni\u00e3o de Atualiza\u00e7\u00e3o Cerne 1<\/a><br \/>\n<a href=\"http:\/\/www.anprotec.org.br\/Relata\/CursoFormacaoCerne2_FichaInscricao.doc\" target=\"_blank\" rel=\"noopener\">Ficha de Inscri\u00e7\u00e3o &#8211; Curso de Forma\u00e7\u00e3o para Consultores Cerne 2<\/a><\/p>\n<p style=\"text-align: justify;\"><strong>Edital de credenciamento<\/strong><\/p>\n<p style=\"text-align: justify;\">A participa\u00e7\u00e3o na Reuni\u00e3o de Atualiza\u00e7\u00e3o Cerne 1 &#8211; 2015, bem como no curso de forma\u00e7\u00e3o do Cerne 2, \u00e9 pr\u00e9-requisito para o credenciamento de consultores Cerne 2, conforme edital lan\u00e7ado pela Anprotec (<a href=\"https:\/\/anprotec.org.br\/cerne-antigo\/2015\/07\/lancado-edital-para-credenciamento-de-consultores-cerne-2\/\" target=\"_blank\" rel=\"noopener\">confira aqui<\/a>).<\/p>\n<p style=\"text-align: justify;\">Assim, estar\u00e3o aptos ao credenciamento Cerne 2 os consultores j\u00e1 credenciados Cerne 1 que participarem dessas atividades e obtiverem nota igual ou superior a oito (8,0) na prova escrita aplicada no dia 28. Al\u00e9m disso, \u00e9 obrigat\u00f3rio estar com toda documenta\u00e7\u00e3o regularizada e as informa\u00e7\u00f5es de cadastro atualizadas junto \u00e0 Anprotec.<\/p>\n","protected":false},"excerpt":{"rendered":"<p>Entre os dias 25 e 28 de agosto deste ano ser\u00e3o realizadas atividades de capacita\u00e7\u00e3o exclusivas para consultores credenciados no primeiro n\u00edvel do modelo<\/p>\n","protected":false},"author":2,"featured_media":106,"comment_status":"open","ping_status":"open","sticky":false,"template":"","format":"standard","meta":{"footnotes":""},"categories":[6],"tags":[],"class_list":["post-1123","post","type-post","status-publish","format-standard","has-post-thumbnail","hentry","category-sem-categoria"],"_links":{"self":[{"href":"https:\/\/anprotec.org.br\/cerne\/wp-json\/wp\/v2\/posts\/1123","targetHints":{"allow":["GET"]}}],"collection":[{"href":"https:\/\/anprotec.org.br\/cerne\/wp-json\/wp\/v2\/posts"}],"about":[{"href":"https:\/\/anprotec.org.br\/cerne\/wp-json\/wp\/v2\/types\/post"}],"author":[{"embeddable":true,"href":"https:\/\/anprotec.org.br\/cerne\/wp-json\/wp\/v2\/users\/2"}],"replies":[{"embeddable":true,"href":"https:\/\/anprotec.org.br\/cerne\/wp-json\/wp\/v2\/comments?post=1123"}],"version-history":[{"count":0,"href":"https:\/\/anprotec.org.br\/cerne\/wp-json\/wp\/v2\/posts\/1123\/revisions"}],"wp:featuredmedia":[{"embeddable":true,"href":"https:\/\/anprotec.org.br\/cerne\/wp-json\/"}],"wp:attachment":[{"href":"https:\/\/anprotec.org.br\/cerne\/wp-json\/wp\/v2\/media?parent=1123"}],"wp:term":[{"taxonomy":"category","embeddable":true,"href":"https:\/\/anprotec.org.br\/cerne\/wp-json\/wp\/v2\/categories?post=1123"},{"taxonomy":"post_tag","embeddable":true,"href":"https:\/\/anprotec.org.br\/cerne\/wp-json\/wp\/v2\/tags?post=1123"}],"curies":[{"name":"wp","href":"https:\/\/api.w.org\/{rel}","templated":true}]}}