{"id":1122,"date":"2015-06-26T18:25:48","date_gmt":"2015-06-26T18:25:48","guid":{"rendered":"http:\/\/anprotec.org.br\/cerne\/?p=499"},"modified":"2015-06-26T18:25:48","modified_gmt":"2015-06-26T18:25:48","slug":"equipe-cerne-realiza-capacitacao-no-am","status":"publish","type":"post","link":"https:\/\/anprotec.org.br\/cerne\/equipe-cerne-realiza-capacitacao-no-am\/","title":{"rendered":"Equipe Cerne realiza capacita\u00e7\u00e3o no AM"},"content":{"rendered":"<p style=\"text-align: justify;\">Entre os dias 23 e 26 de junho, a equipe do modelo Cerne (Centro de Refer\u00eancia para Apoio a Novos Empreendimentos) esteve em Manaus (AM) para realizar um curso de capacita\u00e7\u00e3o promovido pela Funda\u00e7\u00e3o de Amparo \u00e0 Pesquisa do Estado do Amazonas (Fapeam), pela Associa\u00e7\u00e3o Nacional de Entidades Promotoras de Empreendimentos Inovadores (Anprotec) e pelo Instituto Nacional de Pesquisas da Amaz\u00f4nia (Inpa).<\/p>\n<p style=\"text-align: justify;\">De acordo com a diretora-t\u00e9cnica da Fapeam, Andrea Waichman, em 2012 a Funda\u00e7\u00e3o criou um programa de apoio a incubadoras para estruturar mais ambientes como esses no Amazonas. \u201cCom essa iniciativa, queremos incentivar a cria\u00e7\u00e3o de novos neg\u00f3cios e empreendimentos inovadores no estado\u201d, disse.<\/p>\n<p style=\"text-align: justify;\">O curso, realizado ao longo desta semana, faz parte do escopo do programa e teve como objetivo apresentar o primeiro n\u00edvel de implanta\u00e7\u00e3o do Cerne \u2013 modelo de gest\u00e3o desenvolvido pela Anprotec, em parceria com o Sebrae, que visa promover a melhoria expressiva nos resultados das incubadoras.<\/p>\n<p style=\"text-align: justify;\">Segundo o consultor de projetos da Anprotec, Carlos Eduardo Bizzotto, com o Cerne as incubadoras est\u00e3o evoluindo e participando de um processo conjunto. \u201cO objetivo do modelo \u00e9 mostrar quais os elementos e quais processos a incubadora deve ter e deve implantar para se tornar uma boa incubadora e gerar empresas de sucesso\u201d, afirmou.<\/p>\n<p style=\"text-align: justify;\">*Com informa\u00e7\u00f5es e imagem da Fapeam<\/p>\n","protected":false},"excerpt":{"rendered":"<p>Curso teve dura\u00e7\u00e3o de quatro dias e foi promovido pela Fapeam, em parceria com a Anprotec e o Inpa. Modelo de gest\u00e3o busca melhoria expressiva nos resultados das incubadoras.<\/p>\n","protected":false},"author":2,"featured_media":500,"comment_status":"open","ping_status":"open","sticky":false,"template":"","format":"standard","meta":{"footnotes":""},"categories":[6],"tags":[],"class_list":["post-1122","post","type-post","status-publish","format-standard","has-post-thumbnail","hentry","category-sem-categoria"],"_links":{"self":[{"href":"https:\/\/anprotec.org.br\/cerne\/wp-json\/wp\/v2\/posts\/1122","targetHints":{"allow":["GET"]}}],"collection":[{"href":"https:\/\/anprotec.org.br\/cerne\/wp-json\/wp\/v2\/posts"}],"about":[{"href":"https:\/\/anprotec.org.br\/cerne\/wp-json\/wp\/v2\/types\/post"}],"author":[{"embeddable":true,"href":"https:\/\/anprotec.org.br\/cerne\/wp-json\/wp\/v2\/users\/2"}],"replies":[{"embeddable":true,"href":"https:\/\/anprotec.org.br\/cerne\/wp-json\/wp\/v2\/comments?post=1122"}],"version-history":[{"count":0,"href":"https:\/\/anprotec.org.br\/cerne\/wp-json\/wp\/v2\/posts\/1122\/revisions"}],"wp:featuredmedia":[{"embeddable":true,"href":"https:\/\/anprotec.org.br\/cerne\/wp-json\/"}],"wp:attachment":[{"href":"https:\/\/anprotec.org.br\/cerne\/wp-json\/wp\/v2\/media?parent=1122"}],"wp:term":[{"taxonomy":"category","embeddable":true,"href":"https:\/\/anprotec.org.br\/cerne\/wp-json\/wp\/v2\/categories?post=1122"},{"taxonomy":"post_tag","embeddable":true,"href":"https:\/\/anprotec.org.br\/cerne\/wp-json\/wp\/v2\/tags?post=1122"}],"curies":[{"name":"wp","href":"https:\/\/api.w.org\/{rel}","templated":true}]}}