{"id":1120,"date":"2015-06-15T17:57:32","date_gmt":"2015-06-15T17:57:32","guid":{"rendered":"http:\/\/anprotec.org.br\/cerne\/?p=487"},"modified":"2015-06-15T17:57:32","modified_gmt":"2015-06-15T17:57:32","slug":"capacitacao-do-modelo-cerne-comeca-em-brasilia","status":"publish","type":"post","link":"https:\/\/anprotec.org.br\/cerne\/capacitacao-do-modelo-cerne-comeca-em-brasilia\/","title":{"rendered":"Capacita\u00e7\u00e3o do modelo Cerne come\u00e7a em Bras\u00edlia"},"content":{"rendered":"<p style=\"text-align: justify;\">Come\u00e7ou hoje, 15, em Bras\u00edlia (DF), os novos cursos de capacita\u00e7\u00e3o sobre o modelo\u00a0<a href=\"https:\/\/anprotec.org.br\/cerne-antigo\/\">Cerne<\/a>\u00a0\u2013 Centro de Refer\u00eancia para Apoio a Novos Empreendimentos. Nos primeiros dois dias, os participantes ter\u00e3o o Workshop de Nivelamento e o Curso de Implanta\u00e7\u00e3o Cerne 1, focado no desenvolvimento dos empreendimentos.<\/p>\n<p style=\"text-align: justify;\">J\u00e1 os dias 17 e 18 ser\u00e3o destinados \u00e0queles que j\u00e1 participaram dessa primeira etapa da capacita\u00e7\u00e3o\u00a0\u2013 o curso do Cerne 1 \u00e9 pr\u00e9-requisito neste caso \u2013 e que estar\u00e3o aptos ao Curso de Implanta\u00e7\u00e3o Cerne 2 \u2013 segundo est\u00e1gio de aplica\u00e7\u00e3o do modelo, focado em gest\u00e3o organizacional.<\/p>\n<p style=\"text-align: justify;\"><strong>Hor\u00e1rios das capacita\u00e7\u00f5es:<\/strong><\/p>\n<ul style=\"text-align: justify;\">\n<li>15\/06 \u2013 Cerne 01: das 9h \u00e0s 18h<\/li>\n<li>16\/06 \u2013 Cerne 01: das 8h30 \u00e0s 18h<\/li>\n<li>17\/06 \u2013 Cerne 02: das 8h30 \u00e0s 18h<\/li>\n<li>18\/06 \u2013 Cerne 02: das 8h30 \u00e0s 12h<\/li>\n<\/ul>\n<p style=\"text-align: justify;\"><strong>Cerne<\/strong><\/p>\n<p style=\"text-align: justify;\">Resultado de uma parceria entre a Anprotec e o Sebrae, o Cerne \u00e9 um modelo de gest\u00e3o que visa promover a melhoria expressiva nos resultados das incubadoras de diferentes setores de atua\u00e7\u00e3o. Para isso, determina boas pr\u00e1ticas a serem adotadas em diversos processos-chave, que est\u00e3o associados a n\u00edveis de maturidade (Cerne 1, Cerne 2, Cerne 3 e Cerne 4). Cada n\u00edvel de maturidade representa um passo da incubadora em dire\u00e7\u00e3o \u00e0 melhoria cont\u00ednua.<\/p>\n","protected":false},"excerpt":{"rendered":"<p>Ser\u00e3o quatro dias de cursos sobre o modelo de gest\u00e3o desenvolvido pela Anprotec em parceria com o Sebrae. O Cerne visa promover a melhoria nos resultados das incubadoras.<\/p>\n","protected":false},"author":2,"featured_media":488,"comment_status":"open","ping_status":"open","sticky":false,"template":"","format":"standard","meta":{"footnotes":""},"categories":[6],"tags":[],"class_list":["post-1120","post","type-post","status-publish","format-standard","has-post-thumbnail","hentry","category-sem-categoria"],"_links":{"self":[{"href":"https:\/\/anprotec.org.br\/cerne\/wp-json\/wp\/v2\/posts\/1120","targetHints":{"allow":["GET"]}}],"collection":[{"href":"https:\/\/anprotec.org.br\/cerne\/wp-json\/wp\/v2\/posts"}],"about":[{"href":"https:\/\/anprotec.org.br\/cerne\/wp-json\/wp\/v2\/types\/post"}],"author":[{"embeddable":true,"href":"https:\/\/anprotec.org.br\/cerne\/wp-json\/wp\/v2\/users\/2"}],"replies":[{"embeddable":true,"href":"https:\/\/anprotec.org.br\/cerne\/wp-json\/wp\/v2\/comments?post=1120"}],"version-history":[{"count":0,"href":"https:\/\/anprotec.org.br\/cerne\/wp-json\/wp\/v2\/posts\/1120\/revisions"}],"wp:featuredmedia":[{"embeddable":true,"href":"https:\/\/anprotec.org.br\/cerne\/wp-json\/"}],"wp:attachment":[{"href":"https:\/\/anprotec.org.br\/cerne\/wp-json\/wp\/v2\/media?parent=1120"}],"wp:term":[{"taxonomy":"category","embeddable":true,"href":"https:\/\/anprotec.org.br\/cerne\/wp-json\/wp\/v2\/categories?post=1120"},{"taxonomy":"post_tag","embeddable":true,"href":"https:\/\/anprotec.org.br\/cerne\/wp-json\/wp\/v2\/tags?post=1120"}],"curies":[{"name":"wp","href":"https:\/\/api.w.org\/{rel}","templated":true}]}}