{"id":1118,"date":"2015-05-05T12:43:37","date_gmt":"2015-05-05T12:43:37","guid":{"rendered":"http:\/\/anprotec.org.br\/cerne\/?p=468"},"modified":"2015-05-05T12:43:37","modified_gmt":"2015-05-05T12:43:37","slug":"anprotec-finaliza-pre-avaliacoes-do-cerne","status":"publish","type":"post","link":"https:\/\/anprotec.org.br\/cerne\/anprotec-finaliza-pre-avaliacoes-do-cerne\/","title":{"rendered":"Anprotec finaliza pr\u00e9-avalia\u00e7\u00f5es do Cerne"},"content":{"rendered":"<p style=\"text-align: justify;\">Consultores e auditores do modelo de gest\u00e3o\u00a0<a href=\"https:\/\/anprotec.org.br\/cerne-antigo\/\"><span style=\"color: #ffb702;\">Cerne<\/span><\/a>\u00a0\u2013 Centro de Refer\u00eancia para Apoio a Novos Empreendimentos \u2013 encerraram na \u00faltima semana de abril as avalia\u00e7\u00f5es pr\u00e9vias em incubadoras que implantaram o Cerne 1 e se consideram preparadas para obter a certifica\u00e7\u00e3o.<\/p>\n<p style=\"text-align: justify;\">Ao todo, a Anprotec promoveu pr\u00e9-avalia\u00e7\u00f5es do Cerne em 62 incubadoras. Os dois \u00faltimos ambientes visitados por consultores e auditores foram o Centro de Incuba\u00e7\u00e3o de Atividades Empreendedoras (<a href=\"http:\/\/www.ciaem.ufu.br\/\">Ciaem<\/a>), da Universidade Federal de Uberl\u00e2ndia, e a Unidade de Tecnologia e Neg\u00f3cios da Uniube (<a href=\"http:\/\/www.unitecne.com.br\/\">Unitecne<\/a>), de Uberaba (MG.<\/p>\n<p style=\"text-align: justify;\">Como ocorreu desde o in\u00edcio do ano, nas primeiras rodadas, cada uma das incubadoras ser\u00e1 visitada por um consultor e um auditor credenciados Cerne que, no em seguida, apresentar\u00e3o \u00e0 equipe gestora do ambiente de inova\u00e7\u00e3o um documento com sugest\u00f5es para cumprir os requisitos que eventualmente n\u00e3o estejam em conformidade com o modelo.<\/p>\n<p style=\"text-align: justify;\">Para a superintendente-executiva da Associa\u00e7\u00e3o, Sheila Oliveira Pires, esse momento de pr\u00e9-avalia\u00e7\u00e3o \u00e9 importante para que a incubadora se prepare adequadamente para a certifica\u00e7\u00e3o. \u201cA Anprotec ofereceu esse servi\u00e7o gratuito \u00e0s incubadoras associadas, com a inten\u00e7\u00e3o de indicar se est\u00e3o no caminho certo na implanta\u00e7\u00e3o do Cerne 1 e quais medidas podem ser tomadas para aprimorar as pr\u00e1ticas\u201d, explica.<\/p>\n<p style=\"text-align: justify;\">No fim de mar\u00e7o, a Anprotec realizou uma avalia\u00e7\u00e3o pr\u00e9via no Instituto Empresarial de Incuba\u00e7\u00e3o e Inova\u00e7\u00e3o Tecnol\u00f3gica de Canoas (RS). Segundo a presidente do Instituto, Ros\u00e2ngela Alves, a atividade foi realizada com \u00eaxito. \u201cRealmente quer\u00edamos um olhar externo, com neutralidade e profissionalismo, pois sabemos que \u00e9 isso que iremos enfrentar quando solicitarmos a certifica\u00e7\u00e3o Cerne 1\u2033, destaca Ros\u00e2ngela.<\/p>\n<p style=\"text-align: justify;\"><b>Cerne<\/b><\/p>\n<p style=\"text-align: justify;\">Fruto de uma parceria entre a Anprotec e o Sebrae, o Cerne \u00e9 um modelo de gest\u00e3o visa promover a melhoria expressiva nos resultados das incubadoras de diferentes setores de atua\u00e7\u00e3o. Para isso, determina boas pr\u00e1ticas a serem adotadas em diversos processos-chave, que est\u00e3o associados a n\u00edveis de maturidade (Cerne 1, Cerne 2, Cerne 3 e Cerne 4). Cada n\u00edvel de maturidade representa um passo da incubadora em dire\u00e7\u00e3o \u00e0 melhoria cont\u00ednua.<\/p>\n<p style=\"text-align: justify;\"><b>Novo edital<\/b><\/p>\n<p style=\"text-align: justify;\">No dia 25 de fevereiro, o Sebrae e a Anprotec lan\u00e7aram, em Bras\u00edlia, o\u00a0<a href=\"https:\/\/anprotec.org.br\/site\/2015\/02\/novo-edital-do-cerne-esta-disponivel\/\" target=\"_blank\" rel=\"noopener\"><span style=\"color: #ffb702;\">novo edital<\/span><\/a>\u00a0do Cerne que vai beneficiar duas modalidades:<\/p>\n<p style=\"text-align: justify;\">&#8211; a primeira ser\u00e1 destinada \u00e0s incubadoras que desejam implantar o primeiro n\u00edvel de maturidade do modelo de gest\u00e3o, Cerne 1, e passar pelo processo de certifica\u00e7\u00e3o deste n\u00edvel;<\/p>\n<p style=\"text-align: justify;\">\u2013 a outra modalidade tem como foco a certifica\u00e7\u00e3o das incubadoras que implantaram o Cerne 1 com apoio do primeiro edital, a implanta\u00e7\u00e3o do Cerne 2 e a certifica\u00e7\u00e3o desta segunda etapa.<\/p>\n<p style=\"text-align: justify;\">*Foto: Shutterstock<\/p>\n","protected":false},"excerpt":{"rendered":"<p>De fevereiro a abril deste ano, a Associa\u00e7\u00e3o promoveu gratuitamente avalia\u00e7\u00f5es do modelo de gest\u00e3o em 62 incubadoras de empresas de todas as Regi\u00f5es do pa\u00eds. <\/p>\n","protected":false},"author":2,"featured_media":425,"comment_status":"open","ping_status":"open","sticky":false,"template":"","format":"standard","meta":{"footnotes":""},"categories":[6],"tags":[],"class_list":["post-1118","post","type-post","status-publish","format-standard","has-post-thumbnail","hentry","category-sem-categoria"],"_links":{"self":[{"href":"https:\/\/anprotec.org.br\/cerne\/wp-json\/wp\/v2\/posts\/1118","targetHints":{"allow":["GET"]}}],"collection":[{"href":"https:\/\/anprotec.org.br\/cerne\/wp-json\/wp\/v2\/posts"}],"about":[{"href":"https:\/\/anprotec.org.br\/cerne\/wp-json\/wp\/v2\/types\/post"}],"author":[{"embeddable":true,"href":"https:\/\/anprotec.org.br\/cerne\/wp-json\/wp\/v2\/users\/2"}],"replies":[{"embeddable":true,"href":"https:\/\/anprotec.org.br\/cerne\/wp-json\/wp\/v2\/comments?post=1118"}],"version-history":[{"count":0,"href":"https:\/\/anprotec.org.br\/cerne\/wp-json\/wp\/v2\/posts\/1118\/revisions"}],"wp:featuredmedia":[{"embeddable":true,"href":"https:\/\/anprotec.org.br\/cerne\/wp-json\/"}],"wp:attachment":[{"href":"https:\/\/anprotec.org.br\/cerne\/wp-json\/wp\/v2\/media?parent=1118"}],"wp:term":[{"taxonomy":"category","embeddable":true,"href":"https:\/\/anprotec.org.br\/cerne\/wp-json\/wp\/v2\/categories?post=1118"},{"taxonomy":"post_tag","embeddable":true,"href":"https:\/\/anprotec.org.br\/cerne\/wp-json\/wp\/v2\/tags?post=1118"}],"curies":[{"name":"wp","href":"https:\/\/api.w.org\/{rel}","templated":true}]}}