{"id":1117,"date":"2015-04-22T14:52:44","date_gmt":"2015-04-22T14:52:44","guid":{"rendered":"http:\/\/anprotec.org.br\/cerne\/?p=464"},"modified":"2015-04-22T14:52:44","modified_gmt":"2015-04-22T14:52:44","slug":"anprotec-apresentara-cerne-na-29a-conferencia-nbia","status":"publish","type":"post","link":"https:\/\/anprotec.org.br\/cerne\/anprotec-apresentara-cerne-na-29a-conferencia-nbia\/","title":{"rendered":"Anprotec apresentar\u00e1 Cerne na 29\u00aa Confer\u00eancia NBIA"},"content":{"rendered":"<p style=\"text-align: justify;\">Na pr\u00f3xima segunda-feira (27), a Associa\u00e7\u00e3o Nacional de Entidades Promotoras de Empreendimentos Inovadores (Anprotec) apresentar\u00e1 em \u00e2mbito global \u00a0um modelo de gest\u00e3o criado em parceria com o Sebrae com o objetivo de aprimorar os resultados quantitativos e qualitativos das incubadoras brasileiras na gera\u00e7\u00e3o de empreendimentos de sucesso. A apresenta\u00e7\u00e3o do Centro de Refer\u00eancia para Apoio a Novos Empreendimentos (Cerne) ser\u00e1 feita nos Estados Unidos durante a 29\u00aa Confer\u00eancia Internacional em Incuba\u00e7\u00e3o de Empresas, um dos principais eventos mundiais do segmento.<\/p>\n<p style=\"text-align: justify;\">Realizada pela National Business Incubation Association (NBIA), a confer\u00eancia ter\u00e1 mais de 50 sess\u00f5es em sua programa\u00e7\u00e3o, incluindo o painel \u201cInternational Approaches to National Programs for Incubators\u201d (Abordagens internacionais aos programas nacionais de incubadoras, em tradu\u00e7\u00e3o livre). Neste momento, a Anprotec apresentar\u00e1 o Cerne e dividir\u00e1 o espa\u00e7o com a associa\u00e7\u00e3o sueca de parques cient\u00edficos e incubadoras de empresas, a Swedish Incubators &amp; Science Parks (SISP).\u00a0 As duas institui\u00e7\u00f5es devem apresentar os modelos nacionais de incuba\u00e7\u00e3o de empresas, estrat\u00e9gias para melhorar a sustentabilidade de incubadoras e m\u00e9todos tang\u00edveis para incentivar a aprendizagem e engajamento entre essas organiza\u00e7\u00f5es.<\/p>\n<p style=\"text-align: justify;\">\u201cNossa inten\u00e7\u00e3o \u00e9 mostrar como o Cerne foi concebido e implantado nas incubadoras, trazendo resultados expressivos onde foi adotado como modelo de gest\u00e3o\u201d, afirma a presidente da Anprotec, Francilene Garcia, que far\u00e1 a apresenta\u00e7\u00e3o com o coordenador de projetos da Associa\u00e7\u00e3o, Carlos Eduardo Bizzotto. Desde o lan\u00e7amento do Cerne, no fim de 2011, 140 incubadoras brasileiras passaram a adotar o modelo. Houve uma importante melhoria nos servi\u00e7os oferecidos pelas incubadoras e muitas j\u00e1 estabeleceram processos de qualifica\u00e7\u00e3o cont\u00ednua de suas equipes e dos empreendedores.<\/p>\n<p style=\"text-align: justify;\"><strong>Sobre o modelo Cerne<\/strong><\/p>\n<p style=\"text-align: justify;\">Criado a partir de um benchmarking internacional sobre as melhores pr\u00e1ticas de incuba\u00e7\u00e3o de empresas, o Cerne determina pr\u00e1ticas a serem adotadas em diversos processos-chave, que est\u00e3o associados a n\u00edveis de maturidade (Cerne 1, Cerne 2, Cerne 3 e Cerne 4). Cada n\u00edvel de maturidade representa um passo da incubadora em dire\u00e7\u00e3o \u00e0 melhoria cont\u00ednua.<\/p>\n<p style=\"text-align: justify;\">Das 140 incubadoras que implantaram o modelo, cerca de 50 devem receber a certifica\u00e7\u00e3o do Cerne 1 ainda este ano, seguindo para a implanta\u00e7\u00e3o do Cerne 2. As incubadoras restantes devem finalizar a ado\u00e7\u00e3o das pr\u00e1ticas do Cerne 1 e obter a certifica\u00e7\u00e3o em 2016.<\/p>\n<p style=\"text-align: justify;\">* Foto: Shutterstock<\/p>\n","protected":false},"excerpt":{"rendered":"<p>Modelo de gest\u00e3o ser\u00e1 apresentado em painel com associa\u00e7\u00e3o sueca durante evento internacional que faz parte do roteiro da Miss\u00e3o T\u00e9cnica 2015, organizada pela Associa\u00e7\u00e3o. <\/p>\n","protected":false},"author":2,"featured_media":121,"comment_status":"open","ping_status":"open","sticky":false,"template":"","format":"standard","meta":{"footnotes":""},"categories":[6],"tags":[],"class_list":["post-1117","post","type-post","status-publish","format-standard","has-post-thumbnail","hentry","category-sem-categoria"],"_links":{"self":[{"href":"https:\/\/anprotec.org.br\/cerne\/wp-json\/wp\/v2\/posts\/1117","targetHints":{"allow":["GET"]}}],"collection":[{"href":"https:\/\/anprotec.org.br\/cerne\/wp-json\/wp\/v2\/posts"}],"about":[{"href":"https:\/\/anprotec.org.br\/cerne\/wp-json\/wp\/v2\/types\/post"}],"author":[{"embeddable":true,"href":"https:\/\/anprotec.org.br\/cerne\/wp-json\/wp\/v2\/users\/2"}],"replies":[{"embeddable":true,"href":"https:\/\/anprotec.org.br\/cerne\/wp-json\/wp\/v2\/comments?post=1117"}],"version-history":[{"count":0,"href":"https:\/\/anprotec.org.br\/cerne\/wp-json\/wp\/v2\/posts\/1117\/revisions"}],"wp:featuredmedia":[{"embeddable":true,"href":"https:\/\/anprotec.org.br\/cerne\/wp-json\/"}],"wp:attachment":[{"href":"https:\/\/anprotec.org.br\/cerne\/wp-json\/wp\/v2\/media?parent=1117"}],"wp:term":[{"taxonomy":"category","embeddable":true,"href":"https:\/\/anprotec.org.br\/cerne\/wp-json\/wp\/v2\/categories?post=1117"},{"taxonomy":"post_tag","embeddable":true,"href":"https:\/\/anprotec.org.br\/cerne\/wp-json\/wp\/v2\/tags?post=1117"}],"curies":[{"name":"wp","href":"https:\/\/api.w.org\/{rel}","templated":true}]}}