{"id":1115,"date":"2015-03-25T18:57:51","date_gmt":"2015-03-25T18:57:51","guid":{"rendered":"http:\/\/anprotec.org.br\/cerne\/?p=448"},"modified":"2015-03-25T18:57:51","modified_gmt":"2015-03-25T18:57:51","slug":"avaliacoes-previas-serao-realizadas-nas-5-regioes","status":"publish","type":"post","link":"https:\/\/anprotec.org.br\/cerne\/avaliacoes-previas-serao-realizadas-nas-5-regioes\/","title":{"rendered":"Avalia\u00e7\u00f5es pr\u00e9vias ser\u00e3o realizadas nas 5 Regi\u00f5es"},"content":{"rendered":"<p><span style=\"color: #000000;\">Na semana dos \u00faltimos dias de mar\u00e7o e in\u00edcio de abril,\u00a0c<\/span>onsultores e auditores do modelo de gest\u00e3o\u00a0<a href=\"https:\/\/anprotec.org.br\/cerne-antigo\/\">Cerne<\/a>\u00a0\u2013 Centro de Refer\u00eancia para Apoio a Novos Empreendimentos \u2013 continuar\u00e3o, na pr\u00f3xima semana, com as avalia\u00e7\u00f5es pr\u00e9vias em incubadoras que implantaram o Cerne 1 e se consideram preparadas para obter a certifica\u00e7\u00e3o.<\/p>\n<p>Nesta nova rodada de avalia\u00e7\u00f5es, que ir\u00e1 do dia 30 de mar\u00e7o a 2 de abril, 10 incubadoras das cinco Regi\u00f5es do pa\u00eds ser\u00e3o previamente auditadas (veja a lista das incubadoras\u00a0<a href=\"http:\/\/www.anprotec.org.br\/Relata\/Incubadoras%20pre-avaliadas%20-%20inicio%20de%20abril.pdf\">aqui<\/a>).<\/p>\n<p>Como ocorreu desde o in\u00edcio do ano, nas primeiras rodadas, cada uma das incubadoras ser\u00e1 visitada por um consultor e um auditor credenciados Cerne que, no em seguida, apresentar\u00e3o \u00e0 equipe gestora do ambiente de inova\u00e7\u00e3o um documento com sugest\u00f5es para cumprir os requisitos que eventualmente n\u00e3o estejam em conformidade com o modelo.<\/p>\n<p>Para a superintendente-executiva da Associa\u00e7\u00e3o, Sheila Oliveira Pires, esse momento de pr\u00e9-avalia\u00e7\u00e3o \u00e9 importante para que a incubadora se prepare adequadamente para a certifica\u00e7\u00e3o. \u201cA Anprotec est\u00e1 oferecendo esse servi\u00e7o gratuito \u00e0s incubadoras associadas, com a inten\u00e7\u00e3o de indicar se est\u00e3o no caminho certo na implanta\u00e7\u00e3o do Cerne 1 e quais medidas podem ser tomadas para aprimorar as pr\u00e1ticas\u201d, explica.<\/p>\n<p><strong>Cerne<\/strong><\/p>\n<p>Fruto de uma parceria entre a Anprotec e o Sebrae, o Cerne \u00e9 um modelo de gest\u00e3o visa promover a melhoria expressiva nos resultados das incubadoras de diferentes setores de atua\u00e7\u00e3o. Para isso, determina boas pr\u00e1ticas a serem adotadas em diversos processos-chave, que est\u00e3o associados a n\u00edveis de maturidade (Cerne 1, Cerne 2, Cerne 3 e Cerne 4). Cada n\u00edvel de maturidade representa um passo da incubadora em dire\u00e7\u00e3o \u00e0 melhoria cont\u00ednua.<\/p>\n<p><strong>Novo edital<\/strong><\/p>\n<p>No dia 25 de fevereiro, o Sebrae e a Anprotec lan\u00e7aram, em Bras\u00edlia, o\u00a0<a href=\"https:\/\/anprotec.org.br\/site\/2015\/02\/novo-edital-do-cerne-esta-disponivel\/\">novo edital<\/a>\u00a0do Cerne que vai beneficiar duas modalidades:<\/p>\n<p>&#8211; a primeira ser\u00e1 destinada \u00e0s incubadoras que desejam implantar o primeiro n\u00edvel de maturidade do modelo de gest\u00e3o, Cerne 1, e passar pelo processo de certifica\u00e7\u00e3o deste n\u00edvel; \u2013 a outra modalidade tem como foco a certifica\u00e7\u00e3o das incubadoras que implantaram o Cerne 1 com apoio do primeiro edital, a implanta\u00e7\u00e3o do Cerne 2 e a certifica\u00e7\u00e3o desta segunda etapa.<\/p>\n","protected":false},"excerpt":{"rendered":"<p>Na pr\u00f3xima semana, a Associa\u00e7\u00e3o estar\u00e1 em todas as Regi\u00f5es para dar continuidade \u00e0s pr\u00e9-avalia\u00e7\u00f5es em incubadoras que est\u00e3o implantando o modelo de gest\u00e3o Cerne.<\/p>\n","protected":false},"author":2,"featured_media":449,"comment_status":"open","ping_status":"open","sticky":false,"template":"","format":"standard","meta":{"footnotes":""},"categories":[6],"tags":[],"class_list":["post-1115","post","type-post","status-publish","format-standard","has-post-thumbnail","hentry","category-sem-categoria"],"_links":{"self":[{"href":"https:\/\/anprotec.org.br\/cerne\/wp-json\/wp\/v2\/posts\/1115","targetHints":{"allow":["GET"]}}],"collection":[{"href":"https:\/\/anprotec.org.br\/cerne\/wp-json\/wp\/v2\/posts"}],"about":[{"href":"https:\/\/anprotec.org.br\/cerne\/wp-json\/wp\/v2\/types\/post"}],"author":[{"embeddable":true,"href":"https:\/\/anprotec.org.br\/cerne\/wp-json\/wp\/v2\/users\/2"}],"replies":[{"embeddable":true,"href":"https:\/\/anprotec.org.br\/cerne\/wp-json\/wp\/v2\/comments?post=1115"}],"version-history":[{"count":0,"href":"https:\/\/anprotec.org.br\/cerne\/wp-json\/wp\/v2\/posts\/1115\/revisions"}],"wp:featuredmedia":[{"embeddable":true,"href":"https:\/\/anprotec.org.br\/cerne\/wp-json\/"}],"wp:attachment":[{"href":"https:\/\/anprotec.org.br\/cerne\/wp-json\/wp\/v2\/media?parent=1115"}],"wp:term":[{"taxonomy":"category","embeddable":true,"href":"https:\/\/anprotec.org.br\/cerne\/wp-json\/wp\/v2\/categories?post=1115"},{"taxonomy":"post_tag","embeddable":true,"href":"https:\/\/anprotec.org.br\/cerne\/wp-json\/wp\/v2\/tags?post=1115"}],"curies":[{"name":"wp","href":"https:\/\/api.w.org\/{rel}","templated":true}]}}