{"id":1114,"date":"2015-03-06T18:44:12","date_gmt":"2015-03-06T18:44:12","guid":{"rendered":"http:\/\/anprotec.org.br\/cerne\/?p=438"},"modified":"2015-03-06T18:44:12","modified_gmt":"2015-03-06T18:44:12","slug":"anprotec-promove-capacitacao-em-abril","status":"publish","type":"post","link":"https:\/\/anprotec.org.br\/cerne\/anprotec-promove-capacitacao-em-abril\/","title":{"rendered":"Anprotec promove capacita\u00e7\u00e3o em abril"},"content":{"rendered":"<p style=\"text-align: justify;\">A Anprotec promover\u00e1 nos dias 8 e 9 de abril um curso de capacita\u00e7\u00e3o do modelo de gest\u00e3o Cerne \u2013 Centro de Refer\u00eancia para Apoio a Novos Empreendimentos. Dividida nesses dois dias, a atividade prev\u00ea o Workshop de Nivelamento e o Curso de Implanta\u00e7\u00e3o Cerne 1.<\/p>\n<p style=\"text-align: justify;\">No dia 8 de abril, a capacita\u00e7\u00e3o ir\u00e1 das 8h30 \u00e0s 18h, j\u00e1 no dia 9, das 8h \u00e0s 17h. Ser\u00e3o 40 vagas para associados (investimento de R$ 600) e n\u00e3o associados (investimento de R$ 1.000). Os interessados poder\u00e3o se inscrever at\u00e9 dia 30 de mar\u00e7o, mediante envio do <a href=\"http:\/\/www.anprotec.org.br\/Relata\/Inscricao_Workshop%20e%20Curso%20Cerne.doc\">formul\u00e1rio<\/a> preenchido para <a href=\"mailto:atendimento@anprotec.org.br\">atendimento@anprotec.org.br<\/a>.<\/p>\n<p style=\"text-align: justify;\">A capacita\u00e7\u00e3o ser\u00e1 realizada Bras\u00edlia, no <a href=\"http:\/\/www.ccip.com.br\/\">Centro de Conven\u00e7\u00f5es Israel Pinheiro<\/a>. Para os participantes que optarem em se hospedar l\u00e1, o valor da di\u00e1ria sair\u00e1 a R$ 250 por um quarto single, com caf\u00e9 da manh\u00e3, almo\u00e7o e jantar inclusos. As reservas dever\u00e3o ser solicitadas pelo email <a href=\"mailto:ccip@primebdn.com.br\">ccip@primebdn.com.br<\/a> ou pelo telefone (61) 2196-0000 <strong>at\u00e9 o dia 20 de mar\u00e7o<\/strong>. Ap\u00f3s essa data, os valores de hospedagem ser\u00e3o alterados.<\/p>\n<p style=\"text-align: justify;\"><strong>Cerne<\/strong><\/p>\n<p style=\"text-align: justify;\">Fruto de uma parceria entre a Anprotec e o Sebrae, o Cerne \u00e9 um modelo de gest\u00e3o visa promover a melhoria expressiva nos resultados das incubadoras de diferentes setores de atua\u00e7\u00e3o. Para isso, determina boas pr\u00e1ticas a serem adotadas em diversos processos-chave, que est\u00e3o associados a n\u00edveis de maturidade (Cerne 1, Cerne 2, Cerne 3 e Cerne 4). Cada n\u00edvel de maturidade representa um passo da incubadora em dire\u00e7\u00e3o \u00e0 melhoria cont\u00ednua.<\/p>\n<p style=\"text-align: justify;\"><strong>Novo edital<\/strong><\/p>\n<p style=\"text-align: justify;\">No dia 25 de fevereiro, o Sebrae e a Anprotec lan\u00e7aram, em Bras\u00edlia, o\u00a0<a href=\"https:\/\/anprotec.org.br\/site\/2015\/02\/novo-edital-do-cerne-esta-disponivel\/\">novo edital<\/a>\u00a0do Cerne que vai beneficiar duas modalidades:<\/p>\n<p style=\"text-align: justify;\">&#8211; a primeira ser\u00e1 destinada \u00e0s incubadoras que desejam implantar o primeiro n\u00edvel de maturidade do modelo de gest\u00e3o, Cerne 1, e passar pelo processo de certifica\u00e7\u00e3o deste n\u00edvel; \u2013 a outra modalidade tem como foco a certifica\u00e7\u00e3o das incubadoras que implantaram o Cerne 1 com apoio do primeiro edital, a implanta\u00e7\u00e3o do Cerne 2 e a certifica\u00e7\u00e3o desta segunda etapa.<\/p>\n","protected":false},"excerpt":{"rendered":"<p>A Associa\u00e7\u00e3o realizar\u00e1, nos dias 8 e 9 de abril, o Workshop de Nivelamento e o Curso de Implanta\u00e7\u00e3o Cerne 1 em Bras\u00edlia. Ser\u00e3o 40 vagas e inscri\u00e7\u00f5es v\u00e3o at\u00e9 30 de mar\u00e7o.<\/p>\n","protected":false},"author":2,"featured_media":337,"comment_status":"open","ping_status":"open","sticky":false,"template":"","format":"standard","meta":{"footnotes":""},"categories":[6],"tags":[],"class_list":["post-1114","post","type-post","status-publish","format-standard","has-post-thumbnail","hentry","category-sem-categoria"],"_links":{"self":[{"href":"https:\/\/anprotec.org.br\/cerne\/wp-json\/wp\/v2\/posts\/1114","targetHints":{"allow":["GET"]}}],"collection":[{"href":"https:\/\/anprotec.org.br\/cerne\/wp-json\/wp\/v2\/posts"}],"about":[{"href":"https:\/\/anprotec.org.br\/cerne\/wp-json\/wp\/v2\/types\/post"}],"author":[{"embeddable":true,"href":"https:\/\/anprotec.org.br\/cerne\/wp-json\/wp\/v2\/users\/2"}],"replies":[{"embeddable":true,"href":"https:\/\/anprotec.org.br\/cerne\/wp-json\/wp\/v2\/comments?post=1114"}],"version-history":[{"count":0,"href":"https:\/\/anprotec.org.br\/cerne\/wp-json\/wp\/v2\/posts\/1114\/revisions"}],"wp:featuredmedia":[{"embeddable":true,"href":"https:\/\/anprotec.org.br\/cerne\/wp-json\/"}],"wp:attachment":[{"href":"https:\/\/anprotec.org.br\/cerne\/wp-json\/wp\/v2\/media?parent=1114"}],"wp:term":[{"taxonomy":"category","embeddable":true,"href":"https:\/\/anprotec.org.br\/cerne\/wp-json\/wp\/v2\/categories?post=1114"},{"taxonomy":"post_tag","embeddable":true,"href":"https:\/\/anprotec.org.br\/cerne\/wp-json\/wp\/v2\/tags?post=1114"}],"curies":[{"name":"wp","href":"https:\/\/api.w.org\/{rel}","templated":true}]}}