{"id":1110,"date":"2015-02-11T12:44:27","date_gmt":"2015-02-11T12:44:27","guid":{"rendered":"http:\/\/anprotec.org.br\/cerne\/?p=421"},"modified":"2015-02-11T12:44:27","modified_gmt":"2015-02-11T12:44:27","slug":"sebrae-e-anprotec-lancam-novo-edital-do-cerne","status":"publish","type":"post","link":"https:\/\/anprotec.org.br\/cerne\/sebrae-e-anprotec-lancam-novo-edital-do-cerne\/","title":{"rendered":"Sebrae e Anprotec lan\u00e7am novo edital do Cerne"},"content":{"rendered":"<p style=\"text-align: justify;\">A Anprotec e o Servi\u00e7o Brasileiro de Apoio \u00e0s Micro e Pequenas Empresas (<a href=\"http:\/\/www.sebrae.com.br\/sites\/PortalSebrae\/\" target=\"_blank\" rel=\"noopener\">Sebrae<\/a>) lan\u00e7ar\u00e3o no dia 25 de fevereiro, quarta-feira, em Bras\u00edlia (DF), um novo edital\u00a0<a href=\"https:\/\/anprotec.org.br\/cerne-antigo\/\" target=\"_blank\" rel=\"noopener\">Cerne<\/a>\u00a0\u2013\u00a0Centro de Refer\u00eancia para Apoio a Novos Empreendimentos. O evento ser\u00e1 realizado a partir das 9h e contar\u00e1 com a participa\u00e7\u00e3o das diretorias do Sebrae e da Anprotec, bem como de dirigentes das unidades estaduais do Sebrae. Representantes de incubadoras associadas da Anprotec est\u00e3o convidados a participar.<\/p>\n<p style=\"text-align: justify;\">Fruto de uma parceria entre a Anprotec e o Sebrae, o Cerne \u00e9 um modelo de gest\u00e3o visa promover a melhoria expressiva nos resultados das incubadoras de diferentes setores de atua\u00e7\u00e3o. Para isso, determina boas pr\u00e1ticas a serem adotadas em diversos processos-chave, que est\u00e3o associados a n\u00edveis de maturidade (Cerne 1, Cerne 2, Cerne 3 e Cerne 4). Cada n\u00edvel de maturidade representa um passo da incubadora em dire\u00e7\u00e3o \u00e0 melhoria cont\u00ednua.<\/p>\n<p style=\"text-align: justify;\">Ap\u00f3s o caf\u00e9 da manh\u00e3, haver\u00e1 um momento de di\u00e1logo para esclarecimentos sobre este que \u00e9 o segundo edital do Cerne, tanto para debater os aspectos formais de apresenta\u00e7\u00e3o de propostas, quanto para apresentar informa\u00e7\u00f5es sobre o modelo de gest\u00e3o, a realiza\u00e7\u00e3o dos trabalhos em 2015 e o processo de credenciamento.<\/p>\n<p style=\"text-align: justify;\"><strong>Edital<\/strong><\/p>\n<p style=\"text-align: justify;\">O novo edital do Cerne prev\u00ea aporte financeiro para duas modalidades:<\/p>\n<p style=\"text-align: justify;\">&#8211; a primeira ser\u00e1 destinada \u00e0s incubadoras que desejam implantar o primeiro n\u00edvel de maturidade do modelo de gest\u00e3o, Cerne 1, e passar pelo processo de certifica\u00e7\u00e3o deste n\u00edvel;<\/p>\n<p style=\"text-align: justify;\">&#8211; a outra modalidade tem como foco a certifica\u00e7\u00e3o das incubadoras que implantaram o Cerne 1 com apoio do primeiro edital, a implanta\u00e7\u00e3o do Cerne 2 e a certifica\u00e7\u00e3o desta segunda etapa.<\/p>\n<p style=\"text-align: justify;\">Caf\u00e9 da manh\u00e3 de lan\u00e7amento do edital do Cerne<\/p>\n<p style=\"text-align: justify;\">Data: 25 de fevereiro<\/p>\n<p style=\"text-align: justify;\">Hora: 9h<\/p>\n<p style=\"text-align: justify;\">Local: Unidade do Sebrae na quadra 515 da Asa Norte, Bras\u00edlia, DF<\/p>\n","protected":false},"excerpt":{"rendered":"<p>Lan\u00e7amento ocorrer\u00e1 no dia 25 de fevereiro, em Bras\u00edlia (DF). Edital prev\u00ea duas modalidades: uma para incubadoras que desejam iniciar a implanta\u00e7\u00e3o do Cerne e outra para aquelas que j\u00e1 foram contempladas no edital passado.<\/p>\n","protected":false},"author":2,"featured_media":106,"comment_status":"open","ping_status":"open","sticky":false,"template":"","format":"standard","meta":{"footnotes":""},"categories":[6],"tags":[],"class_list":["post-1110","post","type-post","status-publish","format-standard","has-post-thumbnail","hentry","category-sem-categoria"],"_links":{"self":[{"href":"https:\/\/anprotec.org.br\/cerne\/wp-json\/wp\/v2\/posts\/1110","targetHints":{"allow":["GET"]}}],"collection":[{"href":"https:\/\/anprotec.org.br\/cerne\/wp-json\/wp\/v2\/posts"}],"about":[{"href":"https:\/\/anprotec.org.br\/cerne\/wp-json\/wp\/v2\/types\/post"}],"author":[{"embeddable":true,"href":"https:\/\/anprotec.org.br\/cerne\/wp-json\/wp\/v2\/users\/2"}],"replies":[{"embeddable":true,"href":"https:\/\/anprotec.org.br\/cerne\/wp-json\/wp\/v2\/comments?post=1110"}],"version-history":[{"count":0,"href":"https:\/\/anprotec.org.br\/cerne\/wp-json\/wp\/v2\/posts\/1110\/revisions"}],"wp:featuredmedia":[{"embeddable":true,"href":"https:\/\/anprotec.org.br\/cerne\/wp-json\/"}],"wp:attachment":[{"href":"https:\/\/anprotec.org.br\/cerne\/wp-json\/wp\/v2\/media?parent=1110"}],"wp:term":[{"taxonomy":"category","embeddable":true,"href":"https:\/\/anprotec.org.br\/cerne\/wp-json\/wp\/v2\/categories?post=1110"},{"taxonomy":"post_tag","embeddable":true,"href":"https:\/\/anprotec.org.br\/cerne\/wp-json\/wp\/v2\/tags?post=1110"}],"curies":[{"name":"wp","href":"https:\/\/api.w.org\/{rel}","templated":true}]}}