{"id":1108,"date":"2015-01-13T12:52:29","date_gmt":"2015-01-13T12:52:29","guid":{"rendered":"http:\/\/anprotec.org.br\/cerne\/?p=412"},"modified":"2015-01-13T12:52:29","modified_gmt":"2015-01-13T12:52:29","slug":"anprotec-promove-reuniao-de-planejamento-do-cerne","status":"publish","type":"post","link":"https:\/\/anprotec.org.br\/cerne\/anprotec-promove-reuniao-de-planejamento-do-cerne\/","title":{"rendered":"Anprotec promove reuni\u00e3o de planejamento do Cerne"},"content":{"rendered":"<p style=\"color: #000000; text-align: justify;\"><a href=\"https:\/\/anprotec.org.br\/cerne-antigo\/wp-content\/uploads\/2014\/04\/shutterstock_192595709-270x139.jpg\"><img loading=\"lazy\" decoding=\"async\" class=\"size-thumbnail wp-image-121 alignleft\" src=\"https:\/\/anprotec.org.br\/cerne-antigo\/wp-content\/uploads\/2014\/04\/shutterstock_192595709-270x139-150x139.jpg\" alt=\"shutterstock_192595709 (270x139)\" width=\"150\" height=\"139\" \/><\/a>Com o objetivo de contribuir com a implanta\u00e7\u00e3o e o aperfei\u00e7oamento das pr\u00e1ticas relativas ao modelo de gest\u00e3o Cerne, a Anprotec oferecer\u00e1 gratuitamente avalia\u00e7\u00f5es pr\u00e9vias para as incubadoras que implantaram o modelo Cerne 1 e se considerem preparadas para obter a certifica\u00e7\u00e3o.<\/p>\n<p style=\"color: #000000; text-align: justify;\">Para isso, nos dias 15 e 16 de janeiro, auditores e consultores do\u00a0<a style=\"color: #ffb702;\" href=\"https:\/\/anprotec.org.br\/cerne-antigo\/\">modelo Cerne<\/a>\u00a0participar\u00e3o de reuni\u00e3o de planejamento dessas avalia\u00e7\u00f5es que ser\u00e3o realizadas ainda no primeiro semestre de 2015. O encontro ser\u00e1 realizado no Centro de Conven\u00e7\u00f5es Israel Pinheiro, em Bras\u00edlia (DF) e tem como objetivo estruturar as equipes que far\u00e3o as visitas e o plano de trabalho.<\/p>\n<p style=\"color: #000000; text-align: justify;\">Cada equipe ser\u00e1 formada por um auditor e por um consultor, que possuem responsabilidades espec\u00edficas. O auditor verificar\u00e1 se as pr\u00e1ticas das incubadoras avaliadas atendem aos requisitos do Cerne 1, a partir das evid\u00eancias apresentadas pela equipe gestora do ambiente de inova\u00e7\u00e3o. J\u00e1 o consultor ter\u00e1 a fun\u00e7\u00e3o de recomendar as a\u00e7\u00f5es para alguma poss\u00edvel n\u00e3o conformidade. Ap\u00f3s essa pr\u00e9-avalia\u00e7\u00e3o, a incubadora receber\u00e1 um relat\u00f3rio com as observa\u00e7\u00f5es e sugest\u00f5es.<\/p>\n<p style=\"color: #000000; text-align: justify;\">Devem participar da reuni\u00e3o todos os auditores selecionados no \u00faltimo edital de credenciamento e os consultores credenciados que tenham comprovado a implanta\u00e7\u00e3o das pr\u00e1ticas Cerne em ao menos duas incubadoras. Os demais auditores e consultores j\u00e1 credenciados passar\u00e3o por uma sele\u00e7\u00e3o pr\u00e9via pela equipe do Cerne.<\/p>\n<p style=\"color: #000000; text-align: justify;\">Para mais informa\u00e7\u00f5es:\u00a0<a style=\"color: #ffb702;\" href=\"mailto:evelin@anprotec.org.br\">evelin@anprotec.org.br<\/a><\/p>\n<p style=\"color: #000000; text-align: justify;\">Reuni\u00e3o de planejamento Cerne<\/p>\n<p style=\"color: #000000; text-align: justify;\">\u00a0Local: Centro de Conven\u00e7\u00f5es Israel Pinheiro \u2013 SHDB QL 32, conj.1, Bloco A, Lago Sul \u2013 Bras\u00edlia (DF)<\/p>\n<p style=\"color: #000000; text-align: justify;\">Data: dia 15 de janeiro, quinta-feira, das 10h \u00e0s 19h<\/p>\n<p style=\"color: #000000; text-align: justify;\">Dia 16 de janeiro, sexta-feira, das 8h30 \u00e0s 17h30<\/p>\n","protected":false},"excerpt":{"rendered":"<p>No encontro, dias 15 e 16 de janeiro, ser\u00e3o estruturadas as equipes que far\u00e3o as visitas \u00e0s incubadoras para as avalia\u00e7\u00f5es pr\u00e9vias, que ser\u00e3o realizadas no primeiro semestre de 2015. <\/p>\n","protected":false},"author":2,"featured_media":121,"comment_status":"open","ping_status":"open","sticky":false,"template":"","format":"standard","meta":{"footnotes":""},"categories":[6],"tags":[],"class_list":["post-1108","post","type-post","status-publish","format-standard","has-post-thumbnail","hentry","category-sem-categoria"],"_links":{"self":[{"href":"https:\/\/anprotec.org.br\/cerne\/wp-json\/wp\/v2\/posts\/1108","targetHints":{"allow":["GET"]}}],"collection":[{"href":"https:\/\/anprotec.org.br\/cerne\/wp-json\/wp\/v2\/posts"}],"about":[{"href":"https:\/\/anprotec.org.br\/cerne\/wp-json\/wp\/v2\/types\/post"}],"author":[{"embeddable":true,"href":"https:\/\/anprotec.org.br\/cerne\/wp-json\/wp\/v2\/users\/2"}],"replies":[{"embeddable":true,"href":"https:\/\/anprotec.org.br\/cerne\/wp-json\/wp\/v2\/comments?post=1108"}],"version-history":[{"count":0,"href":"https:\/\/anprotec.org.br\/cerne\/wp-json\/wp\/v2\/posts\/1108\/revisions"}],"wp:featuredmedia":[{"embeddable":true,"href":"https:\/\/anprotec.org.br\/cerne\/wp-json\/"}],"wp:attachment":[{"href":"https:\/\/anprotec.org.br\/cerne\/wp-json\/wp\/v2\/media?parent=1108"}],"wp:term":[{"taxonomy":"category","embeddable":true,"href":"https:\/\/anprotec.org.br\/cerne\/wp-json\/wp\/v2\/categories?post=1108"},{"taxonomy":"post_tag","embeddable":true,"href":"https:\/\/anprotec.org.br\/cerne\/wp-json\/wp\/v2\/tags?post=1108"}],"curies":[{"name":"wp","href":"https:\/\/api.w.org\/{rel}","templated":true}]}}