{"id":1107,"date":"2014-12-09T16:47:31","date_gmt":"2014-12-09T16:47:31","guid":{"rendered":"http:\/\/anprotec.org.br\/cerne\/?p=397"},"modified":"2014-12-09T16:47:31","modified_gmt":"2014-12-09T16:47:31","slug":"documentos-cerne-tem-versoes-atualizadas-para-2015","status":"publish","type":"post","link":"https:\/\/anprotec.org.br\/cerne\/documentos-cerne-tem-versoes-atualizadas-para-2015\/","title":{"rendered":"Documentos Cerne t\u00eam vers\u00f5es atualizadas para 2015"},"content":{"rendered":"<p style=\"text-align: justify;\"><a href=\"https:\/\/anprotec.org.br\/cerne-antigo\/wp-content\/uploads\/2014\/12\/cerne_site.jpg\"><img loading=\"lazy\" decoding=\"async\" class=\"size-thumbnail wp-image-398 alignleft\" src=\"https:\/\/anprotec.org.br\/cerne-antigo\/wp-content\/uploads\/2014\/12\/cerne_site-150x150.jpg\" alt=\"cerne_site\" width=\"150\" height=\"150\" \/><\/a>No Caf\u00e9 da Manh\u00e3 Anprotec &amp; Parceiros de 2014, realizado no \u00faltimo dia 3 de dezembro, foram lan\u00e7adas vers\u00f5es atualizadas dos documentos do modelo Cerne, com pr\u00e1ticas e processos-chave dos n\u00edveis de maturidade Cerne 1 e Cerne 2.<\/p>\n<p style=\"text-align: justify;\">As publica\u00e7\u00f5es do Cerne est\u00e3o dispon\u00edveis para na \u00e1rea de acesso restrito aos associados da Anprotec e podem ser baixadas neste <a href=\"https:\/\/anprotec.org.br\/site\/associado\/documentos\/\" target=\"_blank\" rel=\"noopener\">link<\/a>.<\/p>\n<p style=\"text-align: justify;\">Em breve, ser\u00e3o lan\u00e7adas em formato digital as publica\u00e7\u00f5es do processo de certifica\u00e7\u00e3o (Sum\u00e1rio Executivo, Termo de Refer\u00eancia e Manual de Certifica\u00e7\u00e3o), que dever\u00e1 ocorrer no in\u00edcio do pr\u00f3ximo ano.<\/p>\n","protected":false},"excerpt":{"rendered":"<p>Durante o Caf\u00e9 da Manh\u00e3 Anprotec &#038; Parceiros, foram lan\u00e7adas as novas edi\u00e7\u00f5es das publica\u00e7\u00f5es Cerne: Sum\u00e1rio Executivo, Termo de Refer\u00eancia e Manual de Implanta\u00e7\u00e3o. <\/p>\n","protected":false},"author":2,"featured_media":398,"comment_status":"open","ping_status":"open","sticky":false,"template":"","format":"standard","meta":{"footnotes":""},"categories":[6],"tags":[],"class_list":["post-1107","post","type-post","status-publish","format-standard","has-post-thumbnail","hentry","category-sem-categoria"],"_links":{"self":[{"href":"https:\/\/anprotec.org.br\/cerne\/wp-json\/wp\/v2\/posts\/1107","targetHints":{"allow":["GET"]}}],"collection":[{"href":"https:\/\/anprotec.org.br\/cerne\/wp-json\/wp\/v2\/posts"}],"about":[{"href":"https:\/\/anprotec.org.br\/cerne\/wp-json\/wp\/v2\/types\/post"}],"author":[{"embeddable":true,"href":"https:\/\/anprotec.org.br\/cerne\/wp-json\/wp\/v2\/users\/2"}],"replies":[{"embeddable":true,"href":"https:\/\/anprotec.org.br\/cerne\/wp-json\/wp\/v2\/comments?post=1107"}],"version-history":[{"count":0,"href":"https:\/\/anprotec.org.br\/cerne\/wp-json\/wp\/v2\/posts\/1107\/revisions"}],"wp:featuredmedia":[{"embeddable":true,"href":"https:\/\/anprotec.org.br\/cerne\/wp-json\/"}],"wp:attachment":[{"href":"https:\/\/anprotec.org.br\/cerne\/wp-json\/wp\/v2\/media?parent=1107"}],"wp:term":[{"taxonomy":"category","embeddable":true,"href":"https:\/\/anprotec.org.br\/cerne\/wp-json\/wp\/v2\/categories?post=1107"},{"taxonomy":"post_tag","embeddable":true,"href":"https:\/\/anprotec.org.br\/cerne\/wp-json\/wp\/v2\/tags?post=1107"}],"curies":[{"name":"wp","href":"https:\/\/api.w.org\/{rel}","templated":true}]}}