{"id":1106,"date":"2014-11-24T21:46:15","date_gmt":"2014-11-24T21:46:15","guid":{"rendered":"http:\/\/anprotec.org.br\/cerne\/?p=372"},"modified":"2014-11-24T21:46:15","modified_gmt":"2014-11-24T21:46:15","slug":"anprotec-divulga-lista-de-aprovados-na-fase-3","status":"publish","type":"post","link":"https:\/\/anprotec.org.br\/cerne\/anprotec-divulga-lista-de-aprovados-na-fase-3\/","title":{"rendered":"Anprotec divulga lista de aprovados na Fase 3  do Credenciamento de Auditores"},"content":{"rendered":"<p style=\"text-align: justify;\">A Associa\u00e7\u00e3o tornou p\u00fablico, nesta segunda-feira, 24, o resultado da Fase 3 do I Edital de Credenciamento de Auditores do Centro de Refer\u00eancia para Apoio a Novos Empreendimentos (Cerne). Confira <a href=\"http:\/\/www.anprotec.org.br\/Relata\/Rela%C3%A7%C3%A3o_de_Aprovados_I_Edital_Credenciamento_Auditores_Final.pdf\" target=\"_blank\" rel=\"noopener\">aqui<\/a> os aprovados.<\/p>\n<p style=\"text-align: justify;\">Entre os dias 17 e19 de novembro, os profissionais convocados para participar da Fase 3 do processo seletivo para formar o Cadastro de Auditores Cerne passaram por uma capacita\u00e7\u00e3o, realizada em Bras\u00edlia (DF) e com dura\u00e7\u00e3o de 24h.<\/p>\n<p style=\"text-align: justify;\">Terminada a capacita\u00e7\u00e3o, os participantes realizaram uma prova de conhecimento t\u00e9cnico e a lista dos aprovados por mais essa fase \u00e9 que ser\u00e1 divulgada no dia 24. Depois da publica\u00e7\u00e3o do resultado, os selecionados ter\u00e3o que assinar um termo de compromisso, de sigilo e confidencialidade.<\/p>\n","protected":false},"excerpt":{"rendered":"<p>Associa\u00e7\u00e3o tornou p\u00fablica a lista de aprovados na fase 3 do I Edital de Credenciamento de Auditores. Agora os os selecionados ter\u00e3o que assinar um termo de compromisso.<\/p>\n","protected":false},"author":2,"featured_media":106,"comment_status":"open","ping_status":"open","sticky":false,"template":"","format":"standard","meta":{"footnotes":""},"categories":[6],"tags":[],"class_list":["post-1106","post","type-post","status-publish","format-standard","has-post-thumbnail","hentry","category-sem-categoria"],"_links":{"self":[{"href":"https:\/\/anprotec.org.br\/cerne\/wp-json\/wp\/v2\/posts\/1106","targetHints":{"allow":["GET"]}}],"collection":[{"href":"https:\/\/anprotec.org.br\/cerne\/wp-json\/wp\/v2\/posts"}],"about":[{"href":"https:\/\/anprotec.org.br\/cerne\/wp-json\/wp\/v2\/types\/post"}],"author":[{"embeddable":true,"href":"https:\/\/anprotec.org.br\/cerne\/wp-json\/wp\/v2\/users\/2"}],"replies":[{"embeddable":true,"href":"https:\/\/anprotec.org.br\/cerne\/wp-json\/wp\/v2\/comments?post=1106"}],"version-history":[{"count":0,"href":"https:\/\/anprotec.org.br\/cerne\/wp-json\/wp\/v2\/posts\/1106\/revisions"}],"wp:featuredmedia":[{"embeddable":true,"href":"https:\/\/anprotec.org.br\/cerne\/wp-json\/"}],"wp:attachment":[{"href":"https:\/\/anprotec.org.br\/cerne\/wp-json\/wp\/v2\/media?parent=1106"}],"wp:term":[{"taxonomy":"category","embeddable":true,"href":"https:\/\/anprotec.org.br\/cerne\/wp-json\/wp\/v2\/categories?post=1106"},{"taxonomy":"post_tag","embeddable":true,"href":"https:\/\/anprotec.org.br\/cerne\/wp-json\/wp\/v2\/tags?post=1106"}],"curies":[{"name":"wp","href":"https:\/\/api.w.org\/{rel}","templated":true}]}}