{"id":1104,"date":"2014-11-20T17:25:13","date_gmt":"2014-11-20T17:25:13","guid":{"rendered":"http:\/\/anprotec.org.br\/cerne\/?p=357"},"modified":"2014-11-20T17:25:13","modified_gmt":"2014-11-20T17:25:13","slug":"divulgacao-do-resultado-da-fase-3-do-cerne-foi-prorrogada","status":"publish","type":"post","link":"https:\/\/anprotec.org.br\/cerne\/divulgacao-do-resultado-da-fase-3-do-cerne-foi-prorrogada\/","title":{"rendered":"Divulga\u00e7\u00e3o do resultado da Fase 3 foi prorrogada"},"content":{"rendered":"<p style=\"text-align: justify;\">A Anprotec <a href=\"http:\/\/www.anprotec.org.br\/Relata\/Cerne\/Rela\u00e7\u00e3o_de_Aprovados_na_Fase_3_I_Edital_Credenciamento_Auditores_prorroga\u00e7\u00e3o.pdf\">prorrogou<\/a> a divulga\u00e7\u00e3o dos resultados relacionados \u00e0 Fase 3 do I Edital de Credenciamento de Auditores do Centro de Refer\u00eancia para Apoio a Novos Empreendimentos (Cerne) para a pr\u00f3xima segunda-feira, dia 24 de novembro.<\/p>\n<p style=\"text-align: justify;\">Entre os dias 17 e19 de novembro, os profissionais convocados para participar da Fase 3 do processo seletivo para formar o Cadastro de Auditores Cerne passaram por uma capacita\u00e7\u00e3o, realizada em Bras\u00edlia (DF) e com dura\u00e7\u00e3o de 24h.<\/p>\n<p style=\"text-align: justify;\">Terminada a capacita\u00e7\u00e3o, os participantes realizaram uma prova de conhecimento t\u00e9cnico e a lista dos aprovados por mais essa fase \u00e9 que ser\u00e1 divulgada no dia 24. Depois da publica\u00e7\u00e3o do resultado, os selecionados ter\u00e3o que assinar um termo de compromisso, de sigilo e confidencialidade.<\/p>\n<p style=\"text-align: justify;\"><strong>Retifica\u00e7\u00e3o<\/strong><\/p>\n<p style=\"text-align: justify;\">A lista que a Anprotec publicou dos selecionados para participar da capacita\u00e7\u00e3o realizada durante esta semana foi retificada e atualizada, veja <a href=\"http:\/\/www.anprotec.org.br\/Relata\/Cerne\/Rela\u00e7\u00e3o_de_Convocados_Fase_3_I_Edital_Credenciamento_Auditores.pdf\">aqui<\/a>.<\/p>\n","protected":false},"excerpt":{"rendered":"<p>A Associa\u00e7\u00e3o anunciar\u00e1 o resultado do processo seletivo para o Cadastro de Auditores Cerne na pr\u00f3xima segunda-feira, 24 de novembro. Nesta semana, participantes passaram por capacita\u00e7\u00e3o e prova.<\/p>\n","protected":false},"author":2,"featured_media":133,"comment_status":"open","ping_status":"open","sticky":false,"template":"","format":"standard","meta":{"footnotes":""},"categories":[6],"tags":[],"class_list":["post-1104","post","type-post","status-publish","format-standard","has-post-thumbnail","hentry","category-sem-categoria"],"_links":{"self":[{"href":"https:\/\/anprotec.org.br\/cerne\/wp-json\/wp\/v2\/posts\/1104","targetHints":{"allow":["GET"]}}],"collection":[{"href":"https:\/\/anprotec.org.br\/cerne\/wp-json\/wp\/v2\/posts"}],"about":[{"href":"https:\/\/anprotec.org.br\/cerne\/wp-json\/wp\/v2\/types\/post"}],"author":[{"embeddable":true,"href":"https:\/\/anprotec.org.br\/cerne\/wp-json\/wp\/v2\/users\/2"}],"replies":[{"embeddable":true,"href":"https:\/\/anprotec.org.br\/cerne\/wp-json\/wp\/v2\/comments?post=1104"}],"version-history":[{"count":0,"href":"https:\/\/anprotec.org.br\/cerne\/wp-json\/wp\/v2\/posts\/1104\/revisions"}],"wp:featuredmedia":[{"embeddable":true,"href":"https:\/\/anprotec.org.br\/cerne\/wp-json\/"}],"wp:attachment":[{"href":"https:\/\/anprotec.org.br\/cerne\/wp-json\/wp\/v2\/media?parent=1104"}],"wp:term":[{"taxonomy":"category","embeddable":true,"href":"https:\/\/anprotec.org.br\/cerne\/wp-json\/wp\/v2\/categories?post=1104"},{"taxonomy":"post_tag","embeddable":true,"href":"https:\/\/anprotec.org.br\/cerne\/wp-json\/wp\/v2\/tags?post=1104"}],"curies":[{"name":"wp","href":"https:\/\/api.w.org\/{rel}","templated":true}]}}