{"id":1103,"date":"2014-11-14T13:31:20","date_gmt":"2014-11-14T13:31:20","guid":{"rendered":"http:\/\/anprotec.org.br\/cerne\/?p=353"},"modified":"2014-11-14T13:31:20","modified_gmt":"2014-11-14T13:31:20","slug":"convocados-para-fase-3-do-edital-de-auditores","status":"publish","type":"post","link":"https:\/\/anprotec.org.br\/cerne\/convocados-para-fase-3-do-edital-de-auditores\/","title":{"rendered":"Convocados para Fase 3 do edital de auditores"},"content":{"rendered":"<p style=\"color: #000000;\"><a href=\"https:\/\/anprotec.org.br\/cerne-antigo\/wp-content\/uploads\/2014\/07\/Consultores2.jpg\"><img loading=\"lazy\" decoding=\"async\" class=\"size-thumbnail wp-image-133 alignleft\" src=\"https:\/\/anprotec.org.br\/cerne-antigo\/wp-content\/uploads\/2014\/07\/Consultores2-150x150.jpg\" alt=\"Consultores2\" width=\"150\" height=\"150\" \/><\/a>Foi divulgada a<a href=\"http:\/\/www.anprotec.org.br\/Relata\/Cerne\/Rela\u00e7\u00e3o_de_Convocados_Fase_3_I_Edital_Credenciamento_Auditores.pdf\">\u00a0lista<\/a>\u00a0de empresas e profissionais convocados para participar da Fase 3 \u2013 Capacita\u00e7\u00e3o e Avalia\u00e7\u00e3o dos Profissionais, referente ao I Edital de Credenciamento de Auditores (Cerne). \u00a0Essa etapa do processo seletivo\u00a0ocorrer\u00e1 de 17 a 19 de novembro de 2014, em Bras\u00edlia (DF), das 9h \u00e0s 18h.<\/p>\n<p style=\"color: #000000; text-align: justify;\">Para mais informa\u00e7\u00f5es, acesse a\u00a0<a style=\"color: #ffb702;\" href=\"http:\/\/www.anprotec.org.br\/Relata\/Relacao_de_Convocados_Fase_3_I_Edital_Credenciamento_Auditores.pdf\" target=\"_blank\" rel=\"noopener\">convoca\u00e7\u00e3o<\/a>\u00a0e \u00a0consulte o\u00a0<a style=\"color: #ffb702;\" href=\"http:\/\/www.anprotec.org.br\/Relata\/EditalCredenciamentoAuditoresCerne2.pdf\" target=\"_blank\" rel=\"noopener\">edital<\/a>.<\/p>\n<p style=\"color: #000000; text-align: justify;\"><strong>Processo de credenciamento<\/strong><\/p>\n<p style=\"color: #000000; text-align: justify;\">Ao fim de todo o processo seletivo, os aprovados far\u00e3o parte do Cadastro de Auditores Credenciados Cerne, a ser administrado pelo Instituto Christiano Becker (entidade certificadora definida pela Anprotec) e poder\u00e3o ser chamados para prestar servi\u00e7os quando houver demanda de avalia\u00e7\u00e3o de conformidade Cerne em incubadoras de empresas localizadas no Brasil.<\/p>\n<p style=\"color: #000000; text-align: justify;\">Toda a documenta\u00e7\u00e3o entregue no ato da inscri\u00e7\u00e3o, incluindo curr\u00edculo e atestado de capacidade t\u00e9cnica, foi avaliada por uma equipe t\u00e9cnica definida pela Anprotec, que selecionou os profissionais para participar da capacita\u00e7\u00e3o, com dura\u00e7\u00e3o de 24h\/aula. Ao fim do treinamento, ser\u00e1 realizada uma prova de conhecimento te\u00f3rico. As empresas habilitadas e os profissionais aprovados na prova far\u00e3o parte da lista de auditores credenciados Cerne, que ser\u00e1 divulgada no site da Anprotec.<\/p>\n","protected":false},"excerpt":{"rendered":"<p>Veja quem s\u00e3o os selecionados para participar da Fase 3 (Capacita\u00e7\u00e3o e Avalia\u00e7\u00e3o dos Profissionais), referente ao I Edital de Credenciamento de Auditores do modelo Cerne. <\/p>\n","protected":false},"author":2,"featured_media":133,"comment_status":"open","ping_status":"open","sticky":false,"template":"","format":"standard","meta":{"footnotes":""},"categories":[6],"tags":[],"class_list":["post-1103","post","type-post","status-publish","format-standard","has-post-thumbnail","hentry","category-sem-categoria"],"_links":{"self":[{"href":"https:\/\/anprotec.org.br\/cerne\/wp-json\/wp\/v2\/posts\/1103","targetHints":{"allow":["GET"]}}],"collection":[{"href":"https:\/\/anprotec.org.br\/cerne\/wp-json\/wp\/v2\/posts"}],"about":[{"href":"https:\/\/anprotec.org.br\/cerne\/wp-json\/wp\/v2\/types\/post"}],"author":[{"embeddable":true,"href":"https:\/\/anprotec.org.br\/cerne\/wp-json\/wp\/v2\/users\/2"}],"replies":[{"embeddable":true,"href":"https:\/\/anprotec.org.br\/cerne\/wp-json\/wp\/v2\/comments?post=1103"}],"version-history":[{"count":0,"href":"https:\/\/anprotec.org.br\/cerne\/wp-json\/wp\/v2\/posts\/1103\/revisions"}],"wp:featuredmedia":[{"embeddable":true,"href":"https:\/\/anprotec.org.br\/cerne\/wp-json\/"}],"wp:attachment":[{"href":"https:\/\/anprotec.org.br\/cerne\/wp-json\/wp\/v2\/media?parent=1103"}],"wp:term":[{"taxonomy":"category","embeddable":true,"href":"https:\/\/anprotec.org.br\/cerne\/wp-json\/wp\/v2\/categories?post=1103"},{"taxonomy":"post_tag","embeddable":true,"href":"https:\/\/anprotec.org.br\/cerne\/wp-json\/wp\/v2\/tags?post=1103"}],"curies":[{"name":"wp","href":"https:\/\/api.w.org\/{rel}","templated":true}]}}