{"id":1102,"date":"2014-11-06T16:05:00","date_gmt":"2014-11-06T16:05:00","guid":{"rendered":"http:\/\/anprotec.org.br\/cerne\/?p=348"},"modified":"2014-11-06T16:05:00","modified_gmt":"2014-11-06T16:05:00","slug":"lista-atualizada-dos-consultores-do-cerne","status":"publish","type":"post","link":"https:\/\/anprotec.org.br\/cerne\/lista-atualizada-dos-consultores-do-cerne\/","title":{"rendered":"Lista atualizada dos consultores do Cerne"},"content":{"rendered":"<p style=\"color: #000000; text-align: justify;\"><a href=\"https:\/\/anprotec.org.br\/cerne-antigo\/wp-content\/uploads\/2014\/06\/shutterstock_158522279-270x180.jpg\"><img loading=\"lazy\" decoding=\"async\" class=\"size-thumbnail wp-image-106 alignleft\" src=\"https:\/\/anprotec.org.br\/cerne-antigo\/wp-content\/uploads\/2014\/06\/shutterstock_158522279-270x180-150x150.jpg\" alt=\"shutterstock_158522279 (270x180)\" width=\"150\" height=\"150\" \/><\/a>Com o lan\u00e7amento de mais um edital para credenciamento de consultores do modelo Cerne, lan\u00e7ado em abril deste ano por Anprotec e Sebrae, aumentou o n\u00famero de profissionais capacitados na implanta\u00e7\u00e3o do modelo em incubadoras. Hoje, h\u00e1 33 consultores em todo o pa\u00eds.<\/p>\n<p style=\"color: #000000; text-align: justify;\">Confira a lista atualizada neste\u00a0<a style=\"color: #ffb702;\" href=\"http:\/\/www.anprotec.org.br\/Relata\/RelacaoConsultoresCredenciadosCerne2014Novembro.pdf\" target=\"_blank\" rel=\"noopener\">link<\/a>.<\/p>\n<p style=\"color: #000000; text-align: justify;\"><strong>Sobre o Cerne<br \/>\n<\/strong>Criado pela Associa\u00e7\u00e3o, em parceria com o Sebrae, o Centro de Refer\u00eancia para Apoio a Novos Empreendimentos (Cerne) \u00e9 um modelo de gest\u00e3o de incubadoras que\u00a0tem por\u00a0objetivo promover melhoria dos resultados das incubadoras em termos quantitativos e qualitativos.<\/p>\n","protected":false},"excerpt":{"rendered":"<p>Com \u00faltimo edital lan\u00e7ado em abril desse ano, aumentou o n\u00famero de profissionais capacitados na implanta\u00e7\u00e3o do modelo em incubadoras, totalizando 33 consultores no pa\u00eds. <\/p>\n","protected":false},"author":2,"featured_media":106,"comment_status":"open","ping_status":"open","sticky":false,"template":"","format":"standard","meta":{"footnotes":""},"categories":[6],"tags":[],"class_list":["post-1102","post","type-post","status-publish","format-standard","has-post-thumbnail","hentry","category-sem-categoria"],"_links":{"self":[{"href":"https:\/\/anprotec.org.br\/cerne\/wp-json\/wp\/v2\/posts\/1102","targetHints":{"allow":["GET"]}}],"collection":[{"href":"https:\/\/anprotec.org.br\/cerne\/wp-json\/wp\/v2\/posts"}],"about":[{"href":"https:\/\/anprotec.org.br\/cerne\/wp-json\/wp\/v2\/types\/post"}],"author":[{"embeddable":true,"href":"https:\/\/anprotec.org.br\/cerne\/wp-json\/wp\/v2\/users\/2"}],"replies":[{"embeddable":true,"href":"https:\/\/anprotec.org.br\/cerne\/wp-json\/wp\/v2\/comments?post=1102"}],"version-history":[{"count":0,"href":"https:\/\/anprotec.org.br\/cerne\/wp-json\/wp\/v2\/posts\/1102\/revisions"}],"wp:featuredmedia":[{"embeddable":true,"href":"https:\/\/anprotec.org.br\/cerne\/wp-json\/"}],"wp:attachment":[{"href":"https:\/\/anprotec.org.br\/cerne\/wp-json\/wp\/v2\/media?parent=1102"}],"wp:term":[{"taxonomy":"category","embeddable":true,"href":"https:\/\/anprotec.org.br\/cerne\/wp-json\/wp\/v2\/categories?post=1102"},{"taxonomy":"post_tag","embeddable":true,"href":"https:\/\/anprotec.org.br\/cerne\/wp-json\/wp\/v2\/tags?post=1102"}],"curies":[{"name":"wp","href":"https:\/\/api.w.org\/{rel}","templated":true}]}}