{"id":1100,"date":"2014-10-17T18:23:02","date_gmt":"2014-10-17T18:23:02","guid":{"rendered":"http:\/\/anprotec.org.br\/cerne\/?p=343"},"modified":"2014-10-17T18:23:02","modified_gmt":"2014-10-17T18:23:02","slug":"retificacao-no-edital-para-auditores-do-cerne","status":"publish","type":"post","link":"https:\/\/anprotec.org.br\/cerne\/retificacao-no-edital-para-auditores-do-cerne\/","title":{"rendered":"Retifica\u00e7\u00e3o no edital para auditores do Cerne"},"content":{"rendered":"<p style=\"color: #000000;\"><a href=\"https:\/\/anprotec.org.br\/cerne-antigo\/wp-content\/uploads\/2014\/10\/consultor.jpg\"><img loading=\"lazy\" decoding=\"async\" class=\"size-thumbnail wp-image-337 alignleft\" src=\"https:\/\/anprotec.org.br\/cerne-antigo\/wp-content\/uploads\/2014\/10\/consultor-150x150.jpg\" alt=\"consultor\" width=\"150\" height=\"150\" \/><\/a>Foi retificado o edital que estabelece as normas e condi\u00e7\u00f5es para o credenciamento de\u00a0<a style=\"color: #ffb702;\" href=\"http:\/\/www.anprotec.org.br\/Relata\/EditalCredenciamentoAuditoresCerne.pdf\" target=\"_blank\" rel=\"noopener\">auditores do modelo Cerne<\/a>. A altera\u00e7\u00e3o ocorreu na se\u00e7\u00e3o \u201cFases do Processo de Credenciamento\u201d, que trata da documenta\u00e7\u00e3o e avalia\u00e7\u00e3o ao longo de todo o processo seletivo.<\/p>\n<p style=\"color: #000000; text-align: justify;\">No item \u201ce\u201d da Fase 1 (Inscri\u00e7\u00e3o de Pessoas Jur\u00eddicas e seus Profissionais), relativo ao Atestado de Capacidade T\u00e9cnica, \u00a0que exigia declara\u00e7\u00f5es fornecidas por clientes j\u00e1 atendidos, foi acrescida a seguinte informa\u00e7\u00e3o: \u201cou por empresas\u00a0certificadoras regularmente estabelecidas e com atua\u00e7\u00e3o no mercado h\u00e1 pelo menos 03 (tr\u00eas) anos, para as quais o auditor\u00a0tenha prestado servi\u00e7os\u201d.<\/p>\n<p style=\"color: #000000; text-align: justify;\">Consulte a nova vers\u00e3o do edital\u00a0<a style=\"color: #ffb702;\" href=\"http:\/\/www.anprotec.org.br\/Relata\/EditalCredenciamentoAuditoresCerne.pdf\" target=\"_blank\" rel=\"noopener\">aqui<\/a>.<\/p>\n<p style=\"color: #000000; text-align: justify;\"><strong>Processo de credenciamento<\/strong><\/p>\n<p style=\"color: #000000; text-align: justify;\">Ao fim de todo o processo seletivo, os aprovados far\u00e3o parte do Cadastro de Auditores Credenciados Cerne, a ser administrado pelo Instituto Christiano Becker (entidade certificadora definida pela Anprotec) e poder\u00e3o ser chamados para prestar servi\u00e7os quando houver demanda de avalia\u00e7\u00e3o de conformidade Cerne em incubadoras de empresas localizadas no Brasil.<\/p>\n<p style=\"color: #000000; text-align: justify;\">Para participar, \u00e9 necess\u00e1rio que os profissionais estejam vinculados \u00e0 pessoa jur\u00eddica, desde que n\u00e3o atuem como gerente de incubadora de empresas, possuam v\u00ednculo que caracterize subordina\u00e7\u00e3o ou de qualquer modo integrem os quadros de Incubadora de Empresa.<\/p>\n<p style=\"color: #000000; text-align: justify;\">Al\u00e9m da\u00a0<a style=\"color: #ffb702;\" href=\"http:\/\/www.anprotec.org.br\/Relata\/FichaInscricaoEditalAuditoresCerne.doc\" target=\"_blank\" rel=\"noopener\">ficha de inscri\u00e7\u00e3o<\/a>\u00a0preenchida, os candidatos devem enviar curr\u00edculo (em formato PDF), atestado de regularidade jur\u00eddica e fiscal, atestado de capacidade t\u00e9cnica e comprovante de pagamento da taxa de inscri\u00e7\u00e3o. O custo da inscri\u00e7\u00e3o \u00e9 de R$150.<\/p>\n<p style=\"color: #000000; text-align: justify;\">Toda a documenta\u00e7\u00e3o ser\u00e1 avaliada por uma equipe t\u00e9cnica definida pela Anprotec, que selecionar\u00e1 os profissionais para participar de uma capacita\u00e7\u00e3o, com dura\u00e7\u00e3o de 24h\/aula, em Bras\u00edlia. Ao fim do treinamento, ser\u00e1 realizada uma prova de conhecimento te\u00f3rico. As empresas habilitadas e os profissionais aprovados na prova far\u00e3o parte da lista de auditores credenciados Cerne, que ser\u00e1 divulgada no site da Anprotec.<\/p>\n<p style=\"color: #000000; text-align: justify;\">Para mais informa\u00e7\u00f5es, acesse o\u00a0<a style=\"color: #ffb702;\" href=\"http:\/\/www.anprotec.org.br\/Relata\/EditalCredenciamentoAuditoresCerne.pdf\" target=\"_blank\" rel=\"noopener\">edital<\/a>\u00a0e a\u00a0<a style=\"color: #ffb702;\" href=\"http:\/\/www.anprotec.org.br\/Relata\/FichaInscricaoEditalAuditoresCerne.doc\" target=\"_blank\" rel=\"noopener\">ficha de inscri\u00e7\u00e3o<\/a>.<\/p>\n","protected":false},"excerpt":{"rendered":"<p>Altera\u00e7\u00e3o ocorreu no item &#8220;e&#8221; da Fase 1 (Inscri\u00e7\u00e3o de Pessoas Jur\u00eddicas e seus Profissionais), relativo ao Atestado de Capacidade T\u00e9cnica. Consulte a nova vers\u00e3o do edital. <\/p>\n","protected":false},"author":2,"featured_media":337,"comment_status":"open","ping_status":"open","sticky":false,"template":"","format":"standard","meta":{"footnotes":""},"categories":[6],"tags":[],"class_list":["post-1100","post","type-post","status-publish","format-standard","has-post-thumbnail","hentry","category-sem-categoria"],"_links":{"self":[{"href":"https:\/\/anprotec.org.br\/cerne\/wp-json\/wp\/v2\/posts\/1100","targetHints":{"allow":["GET"]}}],"collection":[{"href":"https:\/\/anprotec.org.br\/cerne\/wp-json\/wp\/v2\/posts"}],"about":[{"href":"https:\/\/anprotec.org.br\/cerne\/wp-json\/wp\/v2\/types\/post"}],"author":[{"embeddable":true,"href":"https:\/\/anprotec.org.br\/cerne\/wp-json\/wp\/v2\/users\/2"}],"replies":[{"embeddable":true,"href":"https:\/\/anprotec.org.br\/cerne\/wp-json\/wp\/v2\/comments?post=1100"}],"version-history":[{"count":0,"href":"https:\/\/anprotec.org.br\/cerne\/wp-json\/wp\/v2\/posts\/1100\/revisions"}],"wp:featuredmedia":[{"embeddable":true,"href":"https:\/\/anprotec.org.br\/cerne\/wp-json\/"}],"wp:attachment":[{"href":"https:\/\/anprotec.org.br\/cerne\/wp-json\/wp\/v2\/media?parent=1100"}],"wp:term":[{"taxonomy":"category","embeddable":true,"href":"https:\/\/anprotec.org.br\/cerne\/wp-json\/wp\/v2\/categories?post=1100"},{"taxonomy":"post_tag","embeddable":true,"href":"https:\/\/anprotec.org.br\/cerne\/wp-json\/wp\/v2\/tags?post=1100"}],"curies":[{"name":"wp","href":"https:\/\/api.w.org\/{rel}","templated":true}]}}