{"id":1098,"date":"2014-06-17T03:25:20","date_gmt":"2014-06-17T03:25:20","guid":{"rendered":"http:\/\/localhost:8080\/cerne\/www\/?p=1"},"modified":"2014-06-17T03:25:20","modified_gmt":"2014-06-17T03:25:20","slug":"ola-mundo","status":"publish","type":"post","link":"https:\/\/anprotec.org.br\/cerne\/ola-mundo\/","title":{"rendered":"Divulgado resultado do III edital Cerne"},"content":{"rendered":"<p style=\"color: #000000;\"><a href=\"https:\/\/anprotec.org.br\/cerne-antigo\/wp-content\/uploads\/2014\/06\/shutterstock_158522279-270x180.jpg\"><img loading=\"lazy\" decoding=\"async\" class=\"size-thumbnail wp-image-106 alignleft\" src=\"https:\/\/anprotec.org.br\/cerne-antigo\/wp-content\/uploads\/2014\/06\/shutterstock_158522279-270x180-150x150.jpg\" alt=\"shutterstock_158522279 (270x180)\" width=\"150\" height=\"150\" \/><\/a>Saiu o resultado do III Edital de Credenciamento de Consultores Cerne, voltado aos profissionais que desejam atuar como consultores na implanta\u00e7\u00e3o do Modelo Cerne em incubadoras de empresas do Brasil,<a style=\"color: #ffb702;\" href=\"https:\/\/anprotec.org.br\/site\/2014\/04\/inscricoes-abertas-para-consultores-cerne\/\" target=\"_blank\" rel=\"noopener\">\u00a0lan\u00e7ado em abril pela Anprotec<\/a>.<\/p>\n<p style=\"color: #000000;\">Ao todo, foram selecionados sete profissionais, que foram avaliados por uma comiss\u00e3o da Anprotec, a partir de an\u00e1lise curricular e entrevistas.<\/p>\n<p style=\"color: #000000;\">Confira a lista de aprovados:<\/p>\n<ul style=\"color: #000000;\">\n<li>Agnaldo Freire<\/li>\n<li>Celso Roberto Perez<\/li>\n<li>Charles Edson Savaris<\/li>\n<li>Fernando Valentim Pardo Eisele<\/li>\n<li>Fernando Williams Witicovski<\/li>\n<li>Leonardo Mendes Lacerda de Menezes<\/li>\n<li>Lidiane Samora de Ara\u00fajo<\/li>\n<\/ul>\n<p style=\"color: #000000;\">Para efetivar o credenciamento como Consultor Cerne, os candidatos dever\u00e3o entrar em contato com a Anprotec, pelo email\u00a0<a style=\"color: #ffb702;\" href=\"mailto:cerne@anprotec.org.br\">cerne@anprotec.org.br<\/a>\u00a0at\u00e9 o dia 20 de junho.<\/p>\n<p style=\"color: #000000;\"><a style=\"color: #ffb702;\" href=\"http:\/\/www.anprotec.org.br\/Relata\/Relacao_de_Aprovados_III_Edital_Credenciamento_Consultores.pdf\" target=\"_blank\" rel=\"noopener\">Acesse o resultado oficial\u00a0<\/a><\/p>\n<p style=\"color: #000000;\">* Foto: Shutterstock<\/p>\n","protected":false},"excerpt":{"rendered":"<p>Ao todo, foram selecionados sete profissionais conforme os crit\u00e9rios estabelecidos no III Edital de Credenciamento de Consultores Cerne. Eles ser\u00e3o credenciados para atuar na implanta\u00e7\u00e3o do modelo. <\/p>\n","protected":false},"author":2,"featured_media":0,"comment_status":"open","ping_status":"open","sticky":false,"template":"","format":"standard","meta":{"footnotes":""},"categories":[6],"tags":[],"class_list":["post-1098","post","type-post","status-publish","format-standard","hentry","category-sem-categoria"],"_links":{"self":[{"href":"https:\/\/anprotec.org.br\/cerne\/wp-json\/wp\/v2\/posts\/1098","targetHints":{"allow":["GET"]}}],"collection":[{"href":"https:\/\/anprotec.org.br\/cerne\/wp-json\/wp\/v2\/posts"}],"about":[{"href":"https:\/\/anprotec.org.br\/cerne\/wp-json\/wp\/v2\/types\/post"}],"author":[{"embeddable":true,"href":"https:\/\/anprotec.org.br\/cerne\/wp-json\/wp\/v2\/users\/2"}],"replies":[{"embeddable":true,"href":"https:\/\/anprotec.org.br\/cerne\/wp-json\/wp\/v2\/comments?post=1098"}],"version-history":[{"count":0,"href":"https:\/\/anprotec.org.br\/cerne\/wp-json\/wp\/v2\/posts\/1098\/revisions"}],"wp:attachment":[{"href":"https:\/\/anprotec.org.br\/cerne\/wp-json\/wp\/v2\/media?parent=1098"}],"wp:term":[{"taxonomy":"category","embeddable":true,"href":"https:\/\/anprotec.org.br\/cerne\/wp-json\/wp\/v2\/categories?post=1098"},{"taxonomy":"post_tag","embeddable":true,"href":"https:\/\/anprotec.org.br\/cerne\/wp-json\/wp\/v2\/tags?post=1098"}],"curies":[{"name":"wp","href":"https:\/\/api.w.org\/{rel}","templated":true}]}}