{"id":1081,"date":"2014-04-23T19:44:38","date_gmt":"2014-04-23T19:44:38","guid":{"rendered":"http:\/\/anprotec.org.br\/cerne\/?p=116"},"modified":"2014-04-23T19:44:38","modified_gmt":"2014-04-23T19:44:38","slug":"nova-data-da-capacitacao-cerne-para-consultores","status":"publish","type":"post","link":"https:\/\/anprotec.org.br\/cerne\/nova-data-da-capacitacao-cerne-para-consultores\/","title":{"rendered":"Nova data da capacita\u00e7\u00e3o Cerne para consultores"},"content":{"rendered":"<p><a href=\"https:\/\/anprotec.org.br\/cerne-antigo\/wp-content\/uploads\/2014\/04\/shutterstock_192595709-270x139.jpg\"><img loading=\"lazy\" decoding=\"async\" class=\"size-thumbnail wp-image-121 alignleft\" src=\"https:\/\/anprotec.org.br\/cerne-antigo\/wp-content\/uploads\/2014\/04\/shutterstock_192595709-270x139-150x139.jpg\" alt=\"shutterstock_192595709 (270x139)\" width=\"150\" height=\"139\" \/><\/a>O Workshop de Nivelamento e o Curso de Implanta\u00e7\u00e3o do Cerne 1, dirigidos exclusivamente a consultores, foram adiados. Com realiza\u00e7\u00e3o prevista para os dias 28 e 29 de abril, a capacita\u00e7\u00e3o ser\u00e1 realizada nos dias 08 e 09 de maio, em Bras\u00edlia.<\/p>\n<p>O objetivo \u00e9 qualificar os profissionais nas estrat\u00e9gias e a\u00e7\u00f5es para a implanta\u00e7\u00e3o das pr\u00e1ticas-chave do Cerne 1 nas incubadoras brasileiras, enfocando em como implantar efetivamente cada uma das pr\u00e1ticas do dia a dia das incubadoras.<\/p>\n<p>Este curso ter\u00e1 um formato e din\u00e2mica diferenciados, e abordar\u00e1 as mudan\u00e7as e atualiza\u00e7\u00f5es que ocorreram no Cerne. Por isso, consultores que j\u00e1 tenham participado de edi\u00e7\u00f5es anteriores do Workshop de Nivelamento e do Curso de Implanta\u00e7\u00e3o do Cerne 1 e desejam aprofundar seus conhecimentos \u00a0poder\u00e3o efetuar a inscri\u00e7\u00e3o ao pre\u00e7o de R$ 420,00.<\/p>\n<p>Para aqueles que ainda n\u00e3o participaram da capacita\u00e7\u00e3o, o investimento ser\u00e1 de R$ 700,00. As inscri\u00e7\u00f5es podem ser feitas at\u00e9 o dia 07 de maio. As vagas ser\u00e3o limitadas \u2013 30 no total.<\/p>\n<p>Para participar, \u00e9 necess\u00e1rio que os profissionais n\u00e3o estejam atuando como gestores de incubadoras e \u00e9 desej\u00e1vel que possuam experi\u00eancia na melhoria de processos e em incubadoras de empresas.<\/p>\n<p>Acesse o\u00a0<a href=\"http:\/\/www.anprotec.org.br\/Relata\/Formulario%20Inscricao_Consultores.doc\">Formul\u00e1rio de inscri\u00e7\u00e3o<\/a><\/p>\n<p>* Foto: Shutterstock<\/p>\n","protected":false},"excerpt":{"rendered":"<p>Curso e workshop dirigidos exclusivamente a consultores, que seriam realizados nos dias 28 e 29 de abril, foram transferidos para os dias 08 e 09 de maio. As inscri\u00e7\u00f5es v\u00e3o at\u00e9 o dia 07.<\/p>\n","protected":false},"author":2,"featured_media":0,"comment_status":"open","ping_status":"open","sticky":false,"template":"","format":"standard","meta":{"footnotes":""},"categories":[6],"tags":[],"class_list":["post-1081","post","type-post","status-publish","format-standard","hentry","category-sem-categoria"],"_links":{"self":[{"href":"https:\/\/anprotec.org.br\/cerne\/wp-json\/wp\/v2\/posts\/1081","targetHints":{"allow":["GET"]}}],"collection":[{"href":"https:\/\/anprotec.org.br\/cerne\/wp-json\/wp\/v2\/posts"}],"about":[{"href":"https:\/\/anprotec.org.br\/cerne\/wp-json\/wp\/v2\/types\/post"}],"author":[{"embeddable":true,"href":"https:\/\/anprotec.org.br\/cerne\/wp-json\/wp\/v2\/users\/2"}],"replies":[{"embeddable":true,"href":"https:\/\/anprotec.org.br\/cerne\/wp-json\/wp\/v2\/comments?post=1081"}],"version-history":[{"count":0,"href":"https:\/\/anprotec.org.br\/cerne\/wp-json\/wp\/v2\/posts\/1081\/revisions"}],"wp:attachment":[{"href":"https:\/\/anprotec.org.br\/cerne\/wp-json\/wp\/v2\/media?parent=1081"}],"wp:term":[{"taxonomy":"category","embeddable":true,"href":"https:\/\/anprotec.org.br\/cerne\/wp-json\/wp\/v2\/categories?post=1081"},{"taxonomy":"post_tag","embeddable":true,"href":"https:\/\/anprotec.org.br\/cerne\/wp-json\/wp\/v2\/tags?post=1081"}],"curies":[{"name":"wp","href":"https:\/\/api.w.org\/{rel}","templated":true}]}}