{"id":1080,"date":"2014-05-29T19:30:14","date_gmt":"2014-05-29T19:30:14","guid":{"rendered":"http:\/\/anprotec.org.br\/cerne\/?p=108"},"modified":"2014-05-29T19:30:14","modified_gmt":"2014-05-29T19:30:14","slug":"capacitacao-do-cerne-no-rio-grande-do-sul","status":"publish","type":"post","link":"https:\/\/anprotec.org.br\/cerne\/capacitacao-do-cerne-no-rio-grande-do-sul\/","title":{"rendered":"Capacita\u00e7\u00e3o do Cerne no Rio Grande do Sul"},"content":{"rendered":"<p style=\"color: #000000;\"><a href=\"https:\/\/anprotec.org.br\/cerne-antigo\/wp-content\/uploads\/2014\/07\/cerne-rs.jpg\"><img loading=\"lazy\" decoding=\"async\" class=\"size-thumbnail wp-image-109 alignleft\" src=\"https:\/\/anprotec.org.br\/cerne-antigo\/wp-content\/uploads\/2014\/07\/cerne-rs-150x150.jpg\" alt=\"cerne-rs\" width=\"150\" height=\"150\" \/><\/a>A\u00a0 Anprotec est\u00e1 promovendo uma rodada de capacita\u00e7\u00e3o do Cerne, em Porto Alegre (RS).\u00a0 O curso \u00e9 voltado exclusivamente para gestores de incubadora do estado do Rio Grande do Sul, a pedido da Rede Ga\u00facha de Incubadoras de Empresas e Parques Tecnol\u00f3gicos (Reginp). Com dura\u00e7\u00e3o de dois dias, a capacita\u00e7\u00e3o encerra-se hoje.<\/p>\n<p style=\"color: #000000;\">Criado pela Associa\u00e7\u00e3o, em parceria com o Sebrae, o Cerne\u00a0(Centro de Refer\u00eancia para Apoio a Novos Empreendimentos) \u00e9 um modelo de gest\u00e3o de incubadoras de empresas, que tem por\u00a0objetivo promover melhoria dos resultados das incubadoras em termos quantitativos e qualitativos.<\/p>\n","protected":false},"excerpt":{"rendered":"<p>Por solicita\u00e7\u00e3o da Rede Ga\u00facha de Incubadoras de Empresas e Parques Tecnol\u00f3gicos (Reginp), curso foi ministrado exclusivamente para gestores de incubadora do estado. <\/p>\n","protected":false},"author":2,"featured_media":0,"comment_status":"open","ping_status":"open","sticky":false,"template":"","format":"standard","meta":{"footnotes":""},"categories":[6],"tags":[],"class_list":["post-1080","post","type-post","status-publish","format-standard","hentry","category-sem-categoria"],"_links":{"self":[{"href":"https:\/\/anprotec.org.br\/cerne\/wp-json\/wp\/v2\/posts\/1080","targetHints":{"allow":["GET"]}}],"collection":[{"href":"https:\/\/anprotec.org.br\/cerne\/wp-json\/wp\/v2\/posts"}],"about":[{"href":"https:\/\/anprotec.org.br\/cerne\/wp-json\/wp\/v2\/types\/post"}],"author":[{"embeddable":true,"href":"https:\/\/anprotec.org.br\/cerne\/wp-json\/wp\/v2\/users\/2"}],"replies":[{"embeddable":true,"href":"https:\/\/anprotec.org.br\/cerne\/wp-json\/wp\/v2\/comments?post=1080"}],"version-history":[{"count":0,"href":"https:\/\/anprotec.org.br\/cerne\/wp-json\/wp\/v2\/posts\/1080\/revisions"}],"wp:attachment":[{"href":"https:\/\/anprotec.org.br\/cerne\/wp-json\/wp\/v2\/media?parent=1080"}],"wp:term":[{"taxonomy":"category","embeddable":true,"href":"https:\/\/anprotec.org.br\/cerne\/wp-json\/wp\/v2\/categories?post=1080"},{"taxonomy":"post_tag","embeddable":true,"href":"https:\/\/anprotec.org.br\/cerne\/wp-json\/wp\/v2\/tags?post=1080"}],"curies":[{"name":"wp","href":"https:\/\/api.w.org\/{rel}","templated":true}]}}